{"id":125200,"date":"2026-01-04T10:38:18","date_gmt":"2026-01-04T10:38:18","guid":{"rendered":"https:\/\/www.europesays.com\/se\/125200\/"},"modified":"2026-01-04T10:38:18","modified_gmt":"2026-01-04T10:38:18","slug":"forsvarslarm-om-europas-digitala-underlage-vi-har-forlorat","status":"publish","type":"post","link":"https:\/\/www.europesays.com\/se\/125200\/","title":{"rendered":"F\u00f6rsvarslarm om Europas digitala underl\u00e4ge: \u201dVi har f\u00f6rlorat\u201d"},"content":{"rendered":"<p>Europas digitala infrastruktur beskrivs ha halkat l\u00e5ngt efter USA:s.<br \/>Chefen f\u00f6r Belgiens centrum f\u00f6r cybers\u00e4kerhet ser l\u00e4get som utsatt ur s\u00e4kerhetsperspektiv \u2013 och EU:s AI-lagstiftning som ett hinder f\u00f6r att kunna v\u00e4nda utvecklingen.<br \/>\u2013 Vi har f\u00f6rlorat hela molnet. Vi har f\u00f6rlorat internet, l\u00e5t oss vara \u00e4rliga, s\u00e4ger Miguel De Bruycker till Financial Times.<\/p>\n","protected":false},"excerpt":{"rendered":"Europas digitala infrastruktur beskrivs ha halkat l\u00e5ngt efter USA:s.Chefen f\u00f6r Belgiens centrum f\u00f6r cybers\u00e4kerhet ser l\u00e4get som utsatt&hellip;\n","protected":false},"author":2,"featured_media":125201,"comment_status":"","ping_status":"","sticky":false,"template":"","format":"standard","meta":{"footnotes":""},"categories":[65],"tags":[72,70,71,34,31,33,32,30],"class_list":{"0":"post-125200","1":"post","2":"type-post","3":"status-publish","4":"format-standard","5":"has-post-thumbnail","7":"category-ekonomi","8":"tag-business","9":"tag-economy","10":"tag-ekonomi","11":"tag-se","12":"tag-svenska","13":"tag-sverige","14":"tag-sweden","15":"tag-swedish"},"share_on_mastodon":{"url":"https:\/\/pubeurope.com\/@se\/115836400600505938","error":""},"_links":{"self":[{"href":"https:\/\/www.europesays.com\/se\/wp-json\/wp\/v2\/posts\/125200","targetHints":{"allow":["GET"]}}],"collection":[{"href":"https:\/\/www.europesays.com\/se\/wp-json\/wp\/v2\/posts"}],"about":[{"href":"https:\/\/www.europesays.com\/se\/wp-json\/wp\/v2\/types\/post"}],"author":[{"embeddable":true,"href":"https:\/\/www.europesays.com\/se\/wp-json\/wp\/v2\/users\/2"}],"replies":[{"embeddable":true,"href":"https:\/\/www.europesays.com\/se\/wp-json\/wp\/v2\/comments?post=125200"}],"version-history":[{"count":0,"href":"https:\/\/www.europesays.com\/se\/wp-json\/wp\/v2\/posts\/125200\/revisions"}],"wp:featuredmedia":[{"embeddable":true,"href":"https:\/\/www.europesays.com\/se\/wp-json\/wp\/v2\/media\/125201"}],"wp:attachment":[{"href":"https:\/\/www.europesays.com\/se\/wp-json\/wp\/v2\/media?parent=125200"}],"wp:term":[{"taxonomy":"category","embeddable":true,"href":"https:\/\/www.europesays.com\/se\/wp-json\/wp\/v2\/categories?post=125200"},{"taxonomy":"post_tag","embeddable":true,"href":"https:\/\/www.europesays.com\/se\/wp-json\/wp\/v2\/tags?post=125200"}],"curies":[{"name":"wp","href":"https:\/\/api.w.org\/{rel}","templated":true}]}}