{"id":125202,"date":"2026-01-04T10:41:10","date_gmt":"2026-01-04T10:41:10","guid":{"rendered":"https:\/\/www.europesays.com\/se\/125202\/"},"modified":"2026-01-04T10:41:10","modified_gmt":"2026-01-04T10:41:10","slug":"elpriserna-sjunker-i-soder-och-stiger-i-norr","status":"publish","type":"post","link":"https:\/\/www.europesays.com\/se\/125202\/","title":{"rendered":"Elpriserna sjunker i s\u00f6der och stiger i norr"},"content":{"rendered":"<p>Av Aron Sigblad, Omni Ekonomi<br \/>Publicerad 4 januari, 08:39. Uppdaterad 4 januari, 08:40<\/p>\n<p>Elpriserna v\u00e4ntas bli l\u00e4gre i s\u00f6dra Sverige under 2026 och villa\u00e4gare kan r\u00e4kna med omkring en tusenlapp l\u00e4gre elnota. Samtidigt v\u00e4ntas h\u00f6gre elpriser i norr, uppger bed\u00f6mare f\u00f6r TT. <\/p>\n<p>V\u00e4lfyllda vattenmagasin, milt och sannolikt bl\u00e5sigt v\u00e4der samt relativt l\u00e5ga gaspriser talar f\u00f6r elpriser p\u00e5 hanterliga niv\u00e5er.<\/p>\n<p>\u2013 Vi kan konstatera att marknaden tror p\u00e5 ett billigare el\u00e5r 2026, s\u00e4ger Maria Erdmann, vd p\u00e5 elhandelsbolaget Godel.<\/p>\n<p>Fortums elprisanalytiker varnar dock f\u00f6r att en str\u00e4ng vinter kan driva upp priserna, och k\u00e4rnkraften kan f\u00e5 nya problem.<\/p>\n<p>Omni \u00e4r politiskt obundna och oberoende. Vi str\u00e4var efter att ge fler perspektiv p\u00e5 nyheterna. Har du fr\u00e5gor eller synpunkter kring v\u00e5r rapportering? <a href=\"https:\/\/omni.se\/prognos-elpriserna-sjunker-i-sodra-sverige-stiger-i-norr\/a\/mailto:redaktion@omni.se\" class=\"ArticleActions_contactLink__W2F1M\" rel=\"nofollow noopener\" target=\"_blank\">Kontakta redaktionen<\/a><\/p>\n","protected":false},"excerpt":{"rendered":"Av Aron Sigblad, Omni EkonomiPublicerad 4 januari, 08:39. Uppdaterad 4 januari, 08:40 Elpriserna v\u00e4ntas bli l\u00e4gre i s\u00f6dra&hellip;\n","protected":false},"author":2,"featured_media":125183,"comment_status":"","ping_status":"","sticky":false,"template":"","format":"standard","meta":{"footnotes":""},"categories":[5],"tags":[22,23,2302,291,26,27,17,21,24,25,28,29,15,16,349,18,34,31,33,32,30,19,20],"class_list":{"0":"post-125202","1":"post","2":"type-post","3":"status-publish","4":"format-standard","5":"has-post-thumbnail","7":"category-rubriker","8":"tag-breaking-news","9":"tag-breakingnews","10":"tag-elpriser","11":"tag-energi-ravaror","12":"tag-featured-news","13":"tag-featurednews","14":"tag-headlines","15":"tag-huvudnyheter","16":"tag-latest-news","17":"tag-latestnews","18":"tag-main-news","19":"tag-mainnews","20":"tag-news","21":"tag-nyheter","22":"tag-privatekonomi","23":"tag-rubriker","24":"tag-se","25":"tag-svenska","26":"tag-sverige","27":"tag-sweden","28":"tag-swedish","29":"tag-top-stories","30":"tag-topstories"},"share_on_mastodon":{"url":"https:\/\/pubeurope.com\/@se\/115836412380120573","error":""},"_links":{"self":[{"href":"https:\/\/www.europesays.com\/se\/wp-json\/wp\/v2\/posts\/125202","targetHints":{"allow":["GET"]}}],"collection":[{"href":"https:\/\/www.europesays.com\/se\/wp-json\/wp\/v2\/posts"}],"about":[{"href":"https:\/\/www.europesays.com\/se\/wp-json\/wp\/v2\/types\/post"}],"author":[{"embeddable":true,"href":"https:\/\/www.europesays.com\/se\/wp-json\/wp\/v2\/users\/2"}],"replies":[{"embeddable":true,"href":"https:\/\/www.europesays.com\/se\/wp-json\/wp\/v2\/comments?post=125202"}],"version-history":[{"count":0,"href":"https:\/\/www.europesays.com\/se\/wp-json\/wp\/v2\/posts\/125202\/revisions"}],"wp:featuredmedia":[{"embeddable":true,"href":"https:\/\/www.europesays.com\/se\/wp-json\/wp\/v2\/media\/125183"}],"wp:attachment":[{"href":"https:\/\/www.europesays.com\/se\/wp-json\/wp\/v2\/media?parent=125202"}],"wp:term":[{"taxonomy":"category","embeddable":true,"href":"https:\/\/www.europesays.com\/se\/wp-json\/wp\/v2\/categories?post=125202"},{"taxonomy":"post_tag","embeddable":true,"href":"https:\/\/www.europesays.com\/se\/wp-json\/wp\/v2\/tags?post=125202"}],"curies":[{"name":"wp","href":"https:\/\/api.w.org\/{rel}","templated":true}]}}