{"id":125205,"date":"2026-01-04T10:46:25","date_gmt":"2026-01-04T10:46:25","guid":{"rendered":"https:\/\/www.europesays.com\/se\/125205\/"},"modified":"2026-01-04T10:46:25","modified_gmt":"2026-01-04T10:46:25","slug":"lista-34-borlangeforetag-gick-i-konkurs-under-2025-borlange-tidning","status":"publish","type":"post","link":"https:\/\/www.europesays.com\/se\/125205\/","title":{"rendered":"LISTA: 34 Borl\u00e4ngef\u00f6retag gick i konkurs under 2025 &#8211; Borl\u00e4nge Tidning"},"content":{"rendered":"<ol>\n<li><a href=\"https:\/\/news.google.com\/rss\/articles\/CBMimAFBVV95cUxPSEliTVpWSUZjVjd2NEZnSThaRTVsOTBaeThJQUdXTzBmLVpwdkhmSHJrUUt2dFRwQ2wyZmxvOWRZT3B1b1ZuVlRoNVYwRFZQenBaeWJDaWNBNDdvQXJaRnFMczE1SFNCaGxjam91VEgzc0NBemVqanA0aWRFOU16ZkdIbnV0T1h5a3ZNZDhNVlI5cVgtZV9FTw?oc=5\" target=\"_blank\" rel=\"nofollow noopener\">LISTA: 34 Borl\u00e4ngef\u00f6retag gick i konkurs under 2025<\/a>&nbsp;&nbsp;Borl\u00e4nge Tidning<\/li>\n<li><a href=\"https:\/\/news.google.com\/rss\/articles\/CBMidEFVX3lxTE12OEQtczNWbXd2Z2tlQVpGbEthY016a2s1VWhxZWxOSmVaSlVkLUVhVlRqbmlmY1lJQVkzQ3puZ1BqV0pHMWlsbTVjUm1DOFRCd3ZmTXB6V1dwTk91TTZvYUlZR1VhcC13SkFTc0JBOVJGZ0tl?oc=5\" target=\"_blank\" rel=\"nofollow noopener\">Antalet konkurser p\u00e5 fortsatt h\u00f6g niv\u00e5<\/a>&nbsp;&nbsp;SvD<\/li>\n<li><a href=\"https:\/\/news.google.com\/rss\/articles\/CBMijwFBVV95cUxOVnBPVTNGNTVhSVZpTVhvRU04RFlVdUJ0RTlYUGRrYkxYRWduZnJhaXJwdGpxX2JKZVk5THlCcS00b3hQTlNTMFBfWU44dGdCWWdqZVVzWHhkbFlJWGxRNUNqbTFqbkZmYkY3aWFheHphWUkybkNaOUJEaERDUnpoeHpWSGFlQ3gyNnNrbE5Dbw?oc=5\" target=\"_blank\" rel=\"nofollow noopener\">H\u00e4r \u00e4r Sk\u00f6vdef\u00f6retagen som konkade under 2025<\/a>&nbsp;&nbsp;Sk\u00f6vde Nyheter<\/li>\n<li><a href=\"https:\/\/news.google.com\/rss\/articles\/CBMisgFBVV95cUxNMGJpSnN2TEJxZlNQS0pMOFcyNUpXUkplbTFRR1NOR2hBWURwbVJSQTFxa3diZVpyOWs4bGxZQko1d2VBdFdCWEJicUdQNXVZNDhyQmtFX0JYNElGbGhaZnpVSFllVGNOb3laSDU4MWd6bzVnSjYtU3VDOVZGS0IzTlNTVUxlSjVtaldWSmduOGlESzB3eDQ4MHRaRHk2NUxSWm85VEl6bmg4V05KUnlxZkFR?oc=5\" target=\"_blank\" rel=\"nofollow noopener\">Rekord\u00e5r f\u00f6r konkurser i Trelleborg \u2013 de mest drabbade branscherna<\/a>&nbsp;&nbsp;Trelleborgs Allehanda<\/li>\n<li><a href=\"https:\/\/news.google.com\/rss\/articles\/CBMibEFVX3lxTE9nWURyM3hTTnBwclJJa2toZnFYRnU1RXpvUUo4N2lJb01YNTFHb1hvVDJPZzRrS1pSSkt5bW9hTVFhQkpOWUtLWU5YME41M0JpeFhUaENuRkl6TW9RTXpSckIwdmJyVmtWVDhZZQ?oc=5\" target=\"_blank\" rel=\"nofollow noopener\">Rekord\u00e5r f\u00f6r konkurser i l\u00e4net<\/a>&nbsp;&nbsp;Nerikes Allehanda<\/li>\n<\/ol>\n","protected":false},"excerpt":{"rendered":"LISTA: 34 Borl\u00e4ngef\u00f6retag gick i konkurs under 2025&nbsp;&nbsp;Borl\u00e4nge Tidning Antalet konkurser p\u00e5 fortsatt h\u00f6g niv\u00e5&nbsp;&nbsp;SvD H\u00e4r \u00e4r Sk\u00f6vdef\u00f6retagen&hellip;\n","protected":false},"author":2,"featured_media":125206,"comment_status":"","ping_status":"","sticky":false,"template":"","format":"standard","meta":{"footnotes":""},"categories":[65],"tags":[72,70,71,34,31,33,32,30],"class_list":{"0":"post-125205","1":"post","2":"type-post","3":"status-publish","4":"format-standard","5":"has-post-thumbnail","7":"category-ekonomi","8":"tag-business","9":"tag-economy","10":"tag-ekonomi","11":"tag-se","12":"tag-svenska","13":"tag-sverige","14":"tag-sweden","15":"tag-swedish"},"share_on_mastodon":{"url":"https:\/\/pubeurope.com\/@se\/115836432048093454","error":""},"_links":{"self":[{"href":"https:\/\/www.europesays.com\/se\/wp-json\/wp\/v2\/posts\/125205","targetHints":{"allow":["GET"]}}],"collection":[{"href":"https:\/\/www.europesays.com\/se\/wp-json\/wp\/v2\/posts"}],"about":[{"href":"https:\/\/www.europesays.com\/se\/wp-json\/wp\/v2\/types\/post"}],"author":[{"embeddable":true,"href":"https:\/\/www.europesays.com\/se\/wp-json\/wp\/v2\/users\/2"}],"replies":[{"embeddable":true,"href":"https:\/\/www.europesays.com\/se\/wp-json\/wp\/v2\/comments?post=125205"}],"version-history":[{"count":0,"href":"https:\/\/www.europesays.com\/se\/wp-json\/wp\/v2\/posts\/125205\/revisions"}],"wp:featuredmedia":[{"embeddable":true,"href":"https:\/\/www.europesays.com\/se\/wp-json\/wp\/v2\/media\/125206"}],"wp:attachment":[{"href":"https:\/\/www.europesays.com\/se\/wp-json\/wp\/v2\/media?parent=125205"}],"wp:term":[{"taxonomy":"category","embeddable":true,"href":"https:\/\/www.europesays.com\/se\/wp-json\/wp\/v2\/categories?post=125205"},{"taxonomy":"post_tag","embeddable":true,"href":"https:\/\/www.europesays.com\/se\/wp-json\/wp\/v2\/tags?post=125205"}],"curies":[{"name":"wp","href":"https:\/\/api.w.org\/{rel}","templated":true}]}}