{"id":125209,"date":"2026-01-04T10:49:33","date_gmt":"2026-01-04T10:49:33","guid":{"rendered":"https:\/\/www.europesays.com\/se\/125209\/"},"modified":"2026-01-04T10:49:33","modified_gmt":"2026-01-04T10:49:33","slug":"det-borde-s-gora-for-att-ta-makten","status":"publish","type":"post","link":"https:\/\/www.europesays.com\/se\/125209\/","title":{"rendered":"Det borde S g\u00f6ra f\u00f6r att ta makten"},"content":{"rendered":"<p>Magdalena Andersson (S) m\u00e5ste st\u00e5 upp f\u00f6r sin egen politik \u2013 annars finns risk f\u00f6r en ny valf\u00f6rlust.<\/p>\n<p>Det menar r\u00f6dgr\u00f6na profiler som Expressen talat med.<\/p>\n<p>\u2013\u00a0I st\u00e4llet f\u00f6r att b\u00f6ja sig f\u00f6r h\u00f6gerns attacker m\u00e5ste man s\u00e4ga vad man faktiskt vill, s\u00e4ger Gustav Fridolin (MP).<\/p>\n<p><img   alt=\"\"\/><\/p>\n<p>Magdalena Andersson (S) med Elisabeth Thand Ringqvist (C) under ett gemensamt f\u00f6retagsbes\u00f6k.<\/p>\n<p>Foto: OLLE SPORRONG<\/p>\n<p>\u00d6ppna bild i helsk\u00e4rm<img loading=\"lazy\"   alt=\"\"\/><\/p>\n<p>Andersson och Thand Ringqvist hade \u00e4ven med sig partisekreterarna Tobias Baudin (S) och Hannes Hervieu (C).<\/p>\n<p>Foto: OLLE SPORRONG<\/p>\n<p>\u00d6ppna bild i helsk\u00e4rm<img loading=\"lazy\"   alt=\"\"\/><\/p>\n<p>Kommer Nooshi Dadgostar (V) och Amanda Lind (MP) ing\u00e5 i en S-ledd regering om de r\u00f6dgr\u00f6na vinner valet? Det fr\u00e5gar sig flera profiler som Expressen talat med.<\/p>\n<p>Foto: Pontus Lundahl \/ TT NYHETSBYR\u00c5N<\/p>\n<p>\u00d6ppna bild i helsk\u00e4rm<img loading=\"lazy\"   alt=\"\"\/><\/p>\n<p>Magdalena Andersson (S).<\/p>\n<p>Foto: OLLE SPORRONG<\/p>\n<p>\u00d6ppna bild i helsk\u00e4rmArtikeln i korthet<\/p>\n<p> Flera r\u00f6dgr\u00f6na profiler tycker att S borde driva tydligare egna f\u00f6rslag.<\/p>\n<p> I artikeln ger de sin bild av hur Socialdemokraterna borde g\u00f6ra f\u00f6r att ta \u00f6ver makten.<\/p>\n<p>\u00a0De pekar ocks\u00e5 ut hur de tror att ett r\u00f6dgr\u00f6nt regeringssamarbete kan bli om oppositionen vinner valet.<\/p>\n<p>Visa mer<\/p>\n<p><a href=\"https:\/\/www.expressen.se\/tagg\/organization\/socialdemokraterna\/\" class=\"\" rel=\"nofollow noopener\" target=\"_blank\">Socialdemokraterna<\/a> och oppositionen med V, MP och C har l\u00e4nge haft ett \u00f6vertag i opinionsm\u00e4tningarna. Trots det finns en utbredd oro i de fyra partierna f\u00f6r \u00e4nnu en valf\u00f6rlust.<\/p>\n<p>Expressen har varit i kontakt med en rad r\u00f6dgr\u00f6na profiler. Flera pekar p\u00e5 otydligheten fr\u00e5n Magdalena Anderssons h\u00e5ll, som en f\u00f6rklaring till oron.<\/p>\n<p>Ex-spr\u00e5kr\u00f6ret Gustav Fridolin, som satt i samma regering som Andersson 2014-2019, \u00e4r en av dem.<\/p>\n<p>\u2013 Den st\u00f6rsta os\u00e4kerhetsfaktorn inf\u00f6r valet \u00e4r om Socialdemokraterna v\u00e5gar bedriva oppositionspolitik, s\u00e4ger han.<\/p>\n<p>V\u00e4rderingar<\/p>\n<p>Enligt Gustav Fridolin, som i dag arbetar som l\u00e4rare och skribent, \u00e4r S f\u00f6r f\u00f6rsiktigt.\u00a0<\/p>\n<p>Han anser att S triangulerar och l\u00e4gger sig n\u00e4ra h\u00f6gerpartierna i kriminalpolitik och migrationsfr\u00e5gor, samtidigt som partiet backar fr\u00e5n sina egna f\u00f6rslag om det f\u00e5r kritik.<\/p>\n<p>I st\u00e4llet tycker han att S b\u00f6r vara tydligt med att man st\u00e5r f\u00f6r n\u00e5got annat \u00e4n regeringen och SD, och d\u00e4rmed ge v\u00e4ljarna ett alternativ.<\/p>\n<p>\u2013 Man m\u00e5ste visa att det h\u00e4r faktiskt blir ett val utifr\u00e5n v\u00e4rderingar om den splittrings- och segregationspolitik som h\u00f6gern st\u00e5r f\u00f6r. Det finns en anledning till att regeringens politik \u00e4r s\u00e5 impopul\u00e4r som den faktiskt \u00e4r.<\/p>\n<p>Jenny Lindahl, som tidigare var kommunikationschef f\u00f6r V\u00e4nsterpartiet och nu \u00e4r r\u00e5dgivare och konsult p\u00e5 pr-bolag, pekar p\u00e5 de r\u00f6dgr\u00f6nas samarbetssv\u00e5righeter och fr\u00e5nvaron av politiska reformer, som t\u00e4nkbara hinder f\u00f6r ett maktskifte.\u00a0<\/p>\n<p>\u2013 Inte bara i sj\u00e4lva regeringsfr\u00e5gan utan ocks\u00e5 i form av brist p\u00e5 realiserbar politik att presentera f\u00f6r v\u00e4ljarna, s\u00e4ger hon.<\/p>\n<p>Att regeringen och SD samtidigt lagt fram ett tydligt reformprogram, efter en offensiv budget p\u00e5 80 miljarder kronor, \u00e4r annat Jenny Lindahl menar kan f\u00f6rsv\u00e5ra.<\/p>\n<p><img loading=\"lazy\"   alt=\"\"\/><\/p>\n<p>Gustav Fridolin med Isabella L\u00f6vin, Stefan L\u00f6fven och Magdalena Andersson, under tiden MP och S satt i regering tillsammans.<\/p>\n<p>Foto: FREDRIK SANDBERG\/TT<\/p>\n<p>\u00d6ppna bild i helsk\u00e4rm<\/p>\n<p>Flera andra som Expressen talat med lyfter ocks\u00e5 bristen p\u00e5 politiska f\u00f6rslag fr\u00e5n S som ett problem.\u00a0<\/p>\n<p>En socialdemokrat som vill vara anonym p\u00e5pekar att partiet gjort ett internt politikutvecklingsarbete, men att S-ledningen backat fr\u00e5n de flesta av de f\u00f6reslagna reformerna.\u00a0<\/p>\n<p>Personen menar att Andersson och hennes ledning \u00e4r r\u00e4dd f\u00f6r att g\u00e5 fram med \u201dv\u00e4nsterpolitik\u201d, d\u00e5 den kan st\u00f6ta sig med partibytare som g\u00e5tt till S av missn\u00f6je med regeringens samarbete med SD.<\/p>\n<p>\u2013\u00a0Vi kan inte vara s\u00e5 r\u00e4dda f\u00f6r att visa att vi vill ha ett annat Sverige, det r\u00e4cker inte med att vi har en popul\u00e4r partiledare och ogillar SD.<\/p>\n<p>Annons<\/p>\n<p>Widar Andersson, m\u00e5ng\u00e5rig ledarskribent och S-profil, tror att det kan bli sv\u00e5rt f\u00f6r Andersson att vinna valet \u2013\u00a0av rent matematiska sk\u00e4l.\u00a0<\/p>\n<p>Mandatf\u00f6rdelningen \u00e4r inte till S f\u00f6rdel, menar han, och pekar p\u00e5 att tv\u00e5 av de tre st\u00f6rsta partierna, M och SD, samarbetar.<\/p>\n<p>\u2013 Det ser lite m\u00f6rkt ut faktiskt.<\/p>\n<p>\u201dVill undvika kaos\u201d<\/p>\n<p>Ett annat problem som flera framh\u00e5ller \u00e4r att v\u00e4ljarna inte f\u00e5tt n\u00e5gra besked om vilken regering Magdalena Andersson t\u00e4nker sig. Hon s\u00e4ger bara att S kan samarbeta med alla utom SD.<\/p>\n<p>Ett par S-profiler s\u00e4ger att signalen internt \u00e4r att partiledningen hellre samarbetar h\u00f6gerut, \u00e4n tar in V i en regering.<\/p>\n<p>En pekar p\u00e5 att partiet tyckte det var sv\u00e5rt att samarbeta med MP under f\u00f6rra mandatperioden, d\u00e5 det var f\u00f6rsta g\u00e5ngen i en regering f\u00f6r de gr\u00f6na, och att ett V-samarbete skulle kunna bli \u00e4nnu sv\u00e5rare.<\/p>\n<p>Widar Andersson inst\u00e4mmer i detta, och s\u00e4ger att ocks\u00e5 han har uppfattat att S-ledningen helst vill samarbeta h\u00f6gerut.<\/p>\n<p>Han tror att S g\u00e4rna skulle genomf\u00f6ra f\u00f6r\u00e4ndringar med Moderaterna, men han tror att det kan landa i ett samarbete mellan i f\u00f6rsta hand S och C.<\/p>\n<p>\u2013\u00a0De vill p\u00e5 alla s\u00e4tt undvika de h\u00e4r \u00e5tta \u00e5ren med kaos under L\u00f6fven och Magda. Det kaoset uppstod ju f\u00f6r att man hade satt ihop ett g\u00e4ng med partier som inte var \u00f6verens om s\u00e4rskilt mycket, s\u00e4ger han.<\/p>\n<p><img loading=\"lazy\"   alt=\"\"\/><\/p>\n<p>Michael Arthursson var tidigare partisekreterare f\u00f6r Centerpartiet och \u00e4r i dag senior r\u00e5dgivare p\u00e5 kommunikationsbyr\u00e5.<\/p>\n<p>Foto: Stefan Jerrev\u00e5ng\/TT<\/p>\n<p>\u00d6ppna bild i helsk\u00e4rm<img loading=\"lazy\"   alt=\"\"\/><\/p>\n<p>Linda Snecker (V) satt tidigare i riksdagen. Hon \u00e4r nu pr-konsult.<\/p>\n<p>Foto: Henrik Montgomery\/TT \/ TT NYHETSBYR\u00c5N<\/p>\n<p>\u00d6ppna bild i helsk\u00e4rm<\/p>\n<p>Tidigare V-riksdagsledamoten Linda Snecker, nu konsult p\u00e5 pa-byr\u00e5, menar att allt \u201dtill syvende och sist\u201d handlar om siffran 175 f\u00f6r att f\u00e5 majoritet i riksdagens kammare.\u00a0<\/p>\n<p>\u2013\u00a0Vilka partier som kommer ing\u00e5 i en S-regering kommer krasst att avg\u00f6ras av antal mandat, snarare \u00e4n en vilja att samarbeta.<\/p>\n<p>Snecker tror att S kommer att anpassa sig f\u00f6r att s\u00e5 ofta som m\u00f6jligt f\u00e5 en majoritet i kammaren.<\/p>\n<p>\u2013 Och antagligen bilda en minoritetsregering och ing\u00e5 olika \u00f6verenskommelser med V, C och MP f\u00f6r att f\u00e5 genom politiska f\u00f6rslag.\u00a0<\/p>\n<p>Problem f\u00f6r b\u00e5da<\/p>\n<p>De r\u00f6dgr\u00f6na profilerna ser dock ocks\u00e5 problem f\u00f6r h\u00f6gersidan, framf\u00f6r allt \u00e4r det oenigheten mellan Liberalerna och Sverigedemokraterna som n\u00e4mns.<\/p>\n<p>Annons<\/p>\n<p>Jenny Lindahl pekar \u00e4ven p\u00e5 arbetsl\u00f6sheten och de h\u00f6ga priserna som faktorer som talar emot ett fortsatt regeringsinnehav f\u00f6r M, KD, L och SD.<\/p>\n<p>Michael Arthursson, som var partisekreterare f\u00f6r Centerpartiet mellan 2011 och 2023, tror att det blir ett tajt race inf\u00f6r valet.<\/p>\n<p>\u2013 Det b\u00f6rjar knaka i fogarna f\u00f6r Tid\u00f6samarbetet. SD och L har helt olika syn p\u00e5 vilka som ska sitta i regering, och KD har \u00f6ppnat d\u00f6rren f\u00f6r en statsminister fr\u00e5n S, s\u00e4ger han, och till\u00e4gger:<\/p>\n<p>\u2013 Samtidigt \u00e4r det osannolikt att det skulle bli majoritet f\u00f6r S, V, MP med v\u00e4nsterpolitik 2026 \u2013 det har inte h\u00e4nt p\u00e5 23 \u00e5r.\u00a0<\/p>\n<p>Enligt Arthursson kommer S tvingas dumpa en del av sin politik f\u00f6r att ha en chans att leda en regering.<\/p>\n<p>\u2013 De m\u00e5ste sl\u00e4ppa planerna p\u00e5 att f\u00f6rbjuda friskolor och privata v\u00e5rdgivare eller att h\u00f6ja skatterna f\u00f6r hush\u00e5ll och f\u00f6retag.<\/p>\n","protected":false},"excerpt":{"rendered":"Magdalena Andersson (S) m\u00e5ste st\u00e5 upp f\u00f6r sin egen politik \u2013 annars finns risk f\u00f6r en ny valf\u00f6rlust.&hellip;\n","protected":false},"author":2,"featured_media":125210,"comment_status":"","ping_status":"","sticky":false,"template":"","format":"standard","meta":{"footnotes":""},"categories":[5],"tags":[22,23,26,27,17,21,24,25,28,29,15,3464,16,1458,18,34,583,31,33,32,30,19,152,20],"class_list":{"0":"post-125209","1":"post","2":"type-post","3":"status-publish","4":"format-standard","5":"has-post-thumbnail","7":"category-rubriker","8":"tag-breaking-news","9":"tag-breakingnews","10":"tag-featured-news","11":"tag-featurednews","12":"tag-headlines","13":"tag-huvudnyheter","14":"tag-latest-news","15":"tag-latestnews","16":"tag-main-news","17":"tag-mainnews","18":"tag-news","19":"tag-newsstory-val-2026","20":"tag-nyheter","21":"tag-organization-socialdemokraterna","22":"tag-rubriker","23":"tag-se","24":"tag-sections-politik","25":"tag-svenska","26":"tag-sverige","27":"tag-sweden","28":"tag-swedish","29":"tag-top-stories","30":"tag-topic-inrikespolitik","31":"tag-topstories"},"share_on_mastodon":{"url":"https:\/\/pubeurope.com\/@se\/115836443843689274","error":""},"_links":{"self":[{"href":"https:\/\/www.europesays.com\/se\/wp-json\/wp\/v2\/posts\/125209","targetHints":{"allow":["GET"]}}],"collection":[{"href":"https:\/\/www.europesays.com\/se\/wp-json\/wp\/v2\/posts"}],"about":[{"href":"https:\/\/www.europesays.com\/se\/wp-json\/wp\/v2\/types\/post"}],"author":[{"embeddable":true,"href":"https:\/\/www.europesays.com\/se\/wp-json\/wp\/v2\/users\/2"}],"replies":[{"embeddable":true,"href":"https:\/\/www.europesays.com\/se\/wp-json\/wp\/v2\/comments?post=125209"}],"version-history":[{"count":0,"href":"https:\/\/www.europesays.com\/se\/wp-json\/wp\/v2\/posts\/125209\/revisions"}],"wp:featuredmedia":[{"embeddable":true,"href":"https:\/\/www.europesays.com\/se\/wp-json\/wp\/v2\/media\/125210"}],"wp:attachment":[{"href":"https:\/\/www.europesays.com\/se\/wp-json\/wp\/v2\/media?parent=125209"}],"wp:term":[{"taxonomy":"category","embeddable":true,"href":"https:\/\/www.europesays.com\/se\/wp-json\/wp\/v2\/categories?post=125209"},{"taxonomy":"post_tag","embeddable":true,"href":"https:\/\/www.europesays.com\/se\/wp-json\/wp\/v2\/tags?post=125209"}],"curies":[{"name":"wp","href":"https:\/\/api.w.org\/{rel}","templated":true}]}}