{"id":125213,"date":"2026-01-04T10:58:14","date_gmt":"2026-01-04T10:58:14","guid":{"rendered":"https:\/\/www.europesays.com\/se\/125213\/"},"modified":"2026-01-04T10:58:14","modified_gmt":"2026-01-04T10:58:14","slug":"modo-vann-rivalmotet-mot-bjorkloven","status":"publish","type":"post","link":"https:\/\/www.europesays.com\/se\/125213\/","title":{"rendered":"Modo vann rivalm\u00f6tet mot Bj\u00f6rkl\u00f6ven"},"content":{"rendered":"<p>Publicerad 3 jan 2026 kl 22.49Uppdaterad kl 22.56<\/p>\n<p>Sen kv\u00e4llsf\u00f6rest\u00e4llning i \u00d6rnsk\u00f6ldsvik.\u00a0<\/p>\n<p>D\u00e5 slog Modo rivalen Bj\u00f6rkl\u00f6ven.\u00a0<\/p>\n<p>Gerry Fitzgerald blev hj\u00e4lte i tredje perioden.\u00a0<\/p>\n<p><img   alt=\"\"\/><\/p>\n<p>Modo vann rivalm\u00f6tet mot Bj\u00f6rkl\u00f6ven.<\/p>\n<p>Foto: JONAS FORSBERG \/ BILDBYR\u00c5N<\/p>\n<p>\u00d6ppna bild i helsk\u00e4rm<img loading=\"lazy\"   alt=\"\"\/><\/p>\n<p>Gerry Fitzgerald blev hj\u00e4lte i tredje perioden.<\/p>\n<p>Foto: JONAS FORSBERG \/ BILDBYR\u00c5N<\/p>\n<p>\u00d6ppna bild i helsk\u00e4rm<\/p>\n<p>Det har varit grus i maskineriet f\u00f6r <a href=\"https:\/\/www.expressen.se\/tagg\/organization\/modo\/\" class=\"\" rel=\"nofollow noopener\" target=\"_blank\">Modo<\/a> under s\u00e4songen, samtidigt som Bj\u00f6rkl\u00f6ven g\u00e5tt fram som en \u00e5ngv\u00e4lt under serien.\u00a0<\/p>\n<p>Det skulle spela mindre roll i m\u00f6tet lagen emellan under l\u00f6rdagen.\u00a0<\/p>\n<p>Gerry Fitzgerald prickade in 2\u20131 efter bara 15 sekunder i den tredje perioden \u2013 l\u00e4ckert framspelad av Elton Hermansson som slog en passning bakom ryggen.\u00a0<\/p>\n<p>\u2013 Vi har sagt en miljon g\u00e5nger att ha en kille d\u00e4r s\u00e5 jag vet att han \u00e4r d\u00e4r. Vi kan varandra d\u00e4r ute, s\u00e4ger 17-\u00e5ringen i TV4 Play.\u00a0<\/p>\n<p>Matchen slutade sedan 3\u20131.\u00a0<\/p>\n<p>\u2013 Det \u00e4r fantastiskt, man njuter, s\u00e4ger Hermansson.\u00a0<\/p>\n<p>V\u00e4nde p\u00e5 steken<\/p>\n<p>Det var dock Bj\u00f6rkl\u00f6ven som inledde b\u00e4st och i den f\u00f6rsta perioden skickade Gustav Possler in ledningsm\u00e5let.\u00a0<\/p>\n<p>I mittakten kvitterade sedan Jesper Olofsson och tog Modo in i matchen igen.\u00a0<\/p>\n<p>\u2013 Vi g\u00f6r en bra f\u00f6rsta period. Sedan tappar vi t\u00e5lamodet och de tar \u00f6ver matcher, s\u00e4ger L\u00f6vens Jesper Olofsson.\u00a0<\/p>\n<p>I \u00f6ppen kasse st\u00e4ngde sedan Sebastian Ohlsson matchen och fastst\u00e4llde slutresultatet.\u00a0<\/p>\n<p>I och med segern har Modo nu 62 po\u00e4ng och ligger fyra i tabellen. Bj\u00f6rkl\u00f6ven ligger fortfarande etta, men avst\u00e5ndet till Kalmar minskar och \u00e4r nu tio po\u00e4ng.\u00a0<\/p>\n","protected":false},"excerpt":{"rendered":"Publicerad 3 jan 2026 kl 22.49Uppdaterad kl 22.56 Sen kv\u00e4llsf\u00f6rest\u00e4llning i \u00d6rnsk\u00f6ldsvik.\u00a0 D\u00e5 slog Modo rivalen Bj\u00f6rkl\u00f6ven.\u00a0 Gerry&hellip;\n","protected":false},"author":2,"featured_media":125214,"comment_status":"","ping_status":"","sticky":false,"template":"","format":"standard","meta":{"footnotes":""},"categories":[5],"tags":[22,23,26,27,17,21,24,25,28,29,15,16,640,936,18,34,130,255,31,33,32,30,19,20],"class_list":{"0":"post-125213","1":"post","2":"type-post","3":"status-publish","4":"format-standard","5":"has-post-thumbnail","7":"category-rubriker","8":"tag-breaking-news","9":"tag-breakingnews","10":"tag-featured-news","11":"tag-featurednews","12":"tag-headlines","13":"tag-huvudnyheter","14":"tag-latest-news","15":"tag-latestnews","16":"tag-main-news","17":"tag-mainnews","18":"tag-news","19":"tag-nyheter","20":"tag-organization-bjorkloven","21":"tag-organization-modo","22":"tag-rubriker","23":"tag-se","24":"tag-sections-allsvenskan","25":"tag-sections-ishockey","26":"tag-svenska","27":"tag-sverige","28":"tag-sweden","29":"tag-swedish","30":"tag-top-stories","31":"tag-topstories"},"share_on_mastodon":{"url":"https:\/\/pubeurope.com\/@se\/115836479313942972","error":""},"_links":{"self":[{"href":"https:\/\/www.europesays.com\/se\/wp-json\/wp\/v2\/posts\/125213","targetHints":{"allow":["GET"]}}],"collection":[{"href":"https:\/\/www.europesays.com\/se\/wp-json\/wp\/v2\/posts"}],"about":[{"href":"https:\/\/www.europesays.com\/se\/wp-json\/wp\/v2\/types\/post"}],"author":[{"embeddable":true,"href":"https:\/\/www.europesays.com\/se\/wp-json\/wp\/v2\/users\/2"}],"replies":[{"embeddable":true,"href":"https:\/\/www.europesays.com\/se\/wp-json\/wp\/v2\/comments?post=125213"}],"version-history":[{"count":0,"href":"https:\/\/www.europesays.com\/se\/wp-json\/wp\/v2\/posts\/125213\/revisions"}],"wp:featuredmedia":[{"embeddable":true,"href":"https:\/\/www.europesays.com\/se\/wp-json\/wp\/v2\/media\/125214"}],"wp:attachment":[{"href":"https:\/\/www.europesays.com\/se\/wp-json\/wp\/v2\/media?parent=125213"}],"wp:term":[{"taxonomy":"category","embeddable":true,"href":"https:\/\/www.europesays.com\/se\/wp-json\/wp\/v2\/categories?post=125213"},{"taxonomy":"post_tag","embeddable":true,"href":"https:\/\/www.europesays.com\/se\/wp-json\/wp\/v2\/tags?post=125213"}],"curies":[{"name":"wp","href":"https:\/\/api.w.org\/{rel}","templated":true}]}}