{"id":125219,"date":"2026-01-04T11:13:18","date_gmt":"2026-01-04T11:13:18","guid":{"rendered":"https:\/\/www.europesays.com\/se\/125219\/"},"modified":"2026-01-04T11:13:18","modified_gmt":"2026-01-04T11:13:18","slug":"insandare-fyrverkerier-fest-for-vissa-skrack-for-vara-djur","status":"publish","type":"post","link":"https:\/\/www.europesays.com\/se\/125219\/","title":{"rendered":"Ins\u00e4ndare: Fyrverkerier \u2013 fest f\u00f6r vissa, skr\u00e4ck f\u00f6r v\u00e5ra djur"},"content":{"rendered":"<p class=\"break-words mb-4 mx-auto max-w-xl\">Varje \u00e5r k\u00e4mpar sex av tio hundar med r\u00e4dsla f\u00f6r sm\u00e4llare.<\/p>\n<p class=\"break-words mb-4 mx-auto max-w-xl\">Varje \u00e5r skriver nyheterna om djur som skadats eller f\u00e5tt avlivas p\u00e5 grund av detta on\u00f6diga ov\u00e4sen.<\/p>\n<p class=\"break-words mb-4 mx-auto max-w-xl\">Hur de vilda djuren m\u00e5r kan vi bara gissa.<\/p>\n<p class=\"break-words mb-4 mx-auto max-w-xl\">Om man som djur\u00e4gare bara visste att det vid tolvslaget kommer att sm\u00e4lla i cirka 15 minuter, s\u00e5 kan man f\u00f6rbereda sig f\u00f6r detta. Men n\u00e4r det b\u00f6rjar sm\u00e4lla ett dygn f\u00f6re ny\u00e5rsafton och forts\u00e4tter flera dagar efter\u00e5t, \u00e4r det ett hemskt lidande f\u00f6r v\u00e5ra djur.<\/p>\n<p class=\"break-words mb-4 mx-auto max-w-xl\">Var ute i dag, den 1 januari 2026, f\u00f6r att rasta hundarna. Hann g\u00e5 tre minuter innan det sm\u00e4llde, cirka sju kilometer fr\u00e5n d\u00e4r vi bor.<\/p>\n<p class=\"break-words mb-4 mx-auto max-w-xl\">Den som inte har sett en stressad, r\u00e4dd hund borde g\u00f6ra det \u2013 d\u00e5 kanske polletten trillar ner, om man som m\u00e4nniska inte \u00e4r helt k\u00e4nslokall.<\/p>\n<p class=\"break-words mb-4 mx-auto max-w-xl\">Ja, man kan tr\u00e4na hundar att de inte blir skottr\u00e4dda, och det har gjorts i det h\u00e4r fallet. Men n\u00e4r n\u00e5gon m\u00e4nniska drar av en bomb 50 meter fr\u00e5n en hund kan vilken hund som helst utveckla r\u00e4dslor.<\/p>\n<p class=\"break-words mb-4 mx-auto max-w-xl\">Fr\u00e5ga befolkningen i krigsdrabbade l\u00e4nder hur de k\u00e4nner n\u00e4r de h\u00f6r skott \u2013 stress och r\u00e4dsla skulle jag tro att ni f\u00e5r till svar.<\/p>\n<p class=\"break-words mb-4 mx-auto max-w-xl\">Ska djur\u00e4garen st\u00e5 f\u00f6r kostnader s\u00e5som boende p\u00e5 skotts\u00e4kra platser i fem dagar f\u00f6r n\u00e5got som andra orsakat?<\/p>\n<p class=\"break-words mb-4 mx-auto max-w-xl\">Eller f\u00f6rs\u00e4kringsbolaget?<\/p>\n<p class=\"break-words mb-4 mx-auto max-w-xl\">N\u00e4r ska vi f\u00e5 n\u00e5gon reglering i lagstiftningen om detta?<\/p>\n<p class=\"break-words mb-4 mx-auto max-w-xl\">Visst, man kan f\u00e5 lugnande fr\u00e5n veterin\u00e4r, men ska vi ge detta i fem dagar ifall det sm\u00e4ller?<\/p>\n<p class=\"break-words mb-4 mx-auto max-w-xl\">Jag kan inte f\u00f6rst\u00e5 att det \u00e4r s\u00e5 lustfyllt att st\u00e5 och titta p\u00e5 detta.<\/p>\n<p>Grink\u00e4rring<\/p>\n","protected":false},"excerpt":{"rendered":"Varje \u00e5r k\u00e4mpar sex av tio hundar med r\u00e4dsla f\u00f6r sm\u00e4llare. Varje \u00e5r skriver nyheterna om djur som&hellip;\n","protected":false},"author":2,"featured_media":125220,"comment_status":"","ping_status":"","sticky":false,"template":"","format":"standard","meta":{"footnotes":""},"categories":[12],"tags":[22,23,26,27,17,21,24,25,28,29,15,16,18,34,31,33,32,30,19,20],"class_list":{"0":"post-125219","1":"post","2":"type-post","3":"status-publish","4":"format-standard","5":"has-post-thumbnail","7":"category-sverige","8":"tag-breaking-news","9":"tag-breakingnews","10":"tag-featured-news","11":"tag-featurednews","12":"tag-headlines","13":"tag-huvudnyheter","14":"tag-latest-news","15":"tag-latestnews","16":"tag-main-news","17":"tag-mainnews","18":"tag-news","19":"tag-nyheter","20":"tag-rubriker","21":"tag-se","22":"tag-svenska","23":"tag-sverige","24":"tag-sweden","25":"tag-swedish","26":"tag-top-stories","27":"tag-topstories"},"share_on_mastodon":{"url":"https:\/\/pubeurope.com\/@se\/115836538267778592","error":""},"_links":{"self":[{"href":"https:\/\/www.europesays.com\/se\/wp-json\/wp\/v2\/posts\/125219","targetHints":{"allow":["GET"]}}],"collection":[{"href":"https:\/\/www.europesays.com\/se\/wp-json\/wp\/v2\/posts"}],"about":[{"href":"https:\/\/www.europesays.com\/se\/wp-json\/wp\/v2\/types\/post"}],"author":[{"embeddable":true,"href":"https:\/\/www.europesays.com\/se\/wp-json\/wp\/v2\/users\/2"}],"replies":[{"embeddable":true,"href":"https:\/\/www.europesays.com\/se\/wp-json\/wp\/v2\/comments?post=125219"}],"version-history":[{"count":0,"href":"https:\/\/www.europesays.com\/se\/wp-json\/wp\/v2\/posts\/125219\/revisions"}],"wp:featuredmedia":[{"embeddable":true,"href":"https:\/\/www.europesays.com\/se\/wp-json\/wp\/v2\/media\/125220"}],"wp:attachment":[{"href":"https:\/\/www.europesays.com\/se\/wp-json\/wp\/v2\/media?parent=125219"}],"wp:term":[{"taxonomy":"category","embeddable":true,"href":"https:\/\/www.europesays.com\/se\/wp-json\/wp\/v2\/categories?post=125219"},{"taxonomy":"post_tag","embeddable":true,"href":"https:\/\/www.europesays.com\/se\/wp-json\/wp\/v2\/tags?post=125219"}],"curies":[{"name":"wp","href":"https:\/\/api.w.org\/{rel}","templated":true}]}}