{"id":125224,"date":"2026-01-04T11:17:11","date_gmt":"2026-01-04T11:17:11","guid":{"rendered":"https:\/\/www.europesays.com\/se\/125224\/"},"modified":"2026-01-04T11:17:11","modified_gmt":"2026-01-04T11:17:11","slug":"james-gunn-om-netflix-dealen-som-kan-forandra-dc-valdigt-spannande","status":"publish","type":"post","link":"https:\/\/www.europesays.com\/se\/125224\/","title":{"rendered":"James Gunn om Netflix-dealen som kan f\u00f6r\u00e4ndra DC: \u201dV\u00e4ldigt sp\u00e4nnande\u201d"},"content":{"rendered":"<p>N\u00e4r Netflix gick ut med att de hade lagt det vinnande budet och planerade att <a href=\"https:\/\/www.moviezine.se\/nyheter\/netflix-kan-ta-over-warner-bros-har-lagt-hogsta-budet\" rel=\"nofollow noopener\" target=\"_blank\">ta \u00f6ver Warner Bros<\/a>, reagerade m\u00e5nga i Hollywood med chock och r\u00e4dsla. Men en lugnare, mer f\u00f6rsiktigt positiv r\u00f6st \u00e4r regiss\u00f6ren och DC-chefen <strong>James Gunn<\/strong>.<\/p>\n<p>\u201dSuperman\u201d-regiss\u00f6ren d\u00f6k nyligen upp p\u00e5 <a href=\"https:\/\/podcasts.apple.com\/us\/podcast\/awards-circuit-variety\/id1536666553\" rel=\"nofollow noopener\" target=\"_blank\">Variety Awards Circuit Podcast<\/a>, d\u00e4r han fick fr\u00e5gan om hur han ser p\u00e5 det eventuella maktskiftet. Om Netflix tar \u00f6ver Warner Bros inneb\u00e4r det att de \u00e4ven f\u00e5r makten \u00f6ver DC.<\/p>\n<p>\u2013 Har jag f\u00f6rhoppningar? Nej, egentligen inte, f\u00f6r allt \u00e4r ok\u00e4nt. \u00c4rligt talat tycker jag att allt detta \u00e4r v\u00e4ldigt sp\u00e4nnande. S\u00e5 jag hoppas och ber f\u00f6r det b\u00e4sta. Och jag har varit med om s\u00e5dana h\u00e4r f\u00f6r\u00e4ndringar s\u00e5 m\u00e5nga g\u00e5nger att jag alltid \u00e4r f\u00f6rsiktig med vad man \u00f6nskar sig, f\u00f6r man vet egentligen inte f\u00f6rr\u00e4n man vet.\u00a0<\/p>\n<p>\u2013 Jag hoppas att det g\u00e5r bra, och jag tycker att det \u00e4r sp\u00e4nnande, f\u00f6r varje riktning rymmer verkligen sp\u00e4nnande m\u00f6jligheter f\u00f6r DC, s\u00e5 jag ser fram emot vart det \u00e4r p\u00e5 v\u00e4g.<\/p>\n<p>Att Gunn uttrycker hopp kan f\u00f6rhoppningsvis inneb\u00e4ra en suck av l\u00e4ttnad f\u00f6r fans av hans DC-universum. Men \u00e4nnu \u00e5terst\u00e5r det att se ifall Netflix kommer forts\u00e4tta l\u00e5ta James Gunn och Peter Safran styra fritt \u00f6ver superhj\u00e4ltarna. Vem vet, kanske \u00e4r hans kommentarer bara ett f\u00f6rs\u00f6k att f\u00e5 beh\u00e5lla sitt jobb.<\/p>\n<p>V\u00e4rt att till\u00e4gga \u00e4r att det \u00e4nnu inte \u00e4r helt klart ifall dealen kommer g\u00e5 igenom. F\u00f6rv\u00e4nta dig att h\u00f6ra mycket mer om DC:s framtid n\u00e4r vi helt enkelt vet mer.<\/p>\n<p>N\u00e4st ut i Gunns DC-universum \u00e4r <a href=\"https:\/\/www.moviezine.se\/movies\/supergirl-woman-of-tomorrow\" rel=\"nofollow noopener\" target=\"_blank\">\u201dSupergirl\u201d<\/a>, som flyger in p\u00e5 biodukarna den 26 juli.<\/p>\n<p>L\u00e4s ocks\u00e5: <a href=\"https:\/\/www.moviezine.se\/nyheter\/nya-filmer-far-bara-2-veckor-pa-bio-om-netflix-far-bestamma\" title=\"Nya filmer f\u00e5r bara 2 veckor p\u00e5 bio \u2013 om Netflix f\u00e5r best\u00e4mma\" class=\"underline-custom !font-montserrat !font-bold !underline-offset-4 !decoration-4 !decoration-moviezine-green !text-md\" rel=\"nofollow noopener\" target=\"_blank\">Nya filmer f\u00e5r bara 2 veckor p\u00e5 bio \u2013 om Netflix f\u00e5r best\u00e4mma<\/a><\/p>\n<p>L\u00e4s ocks\u00e5: <a href=\"https:\/\/www.moviezine.se\/nyheter\/trailerpremiar-supergirl-bjuder-in-till-ett-actionpackat-rymdaventyr\" title=\"Trailerpremi\u00e4r: \u201dSupergirl\u201d bjuder in till ett actionpackat rymd\u00e4ventyr\" class=\"underline-custom !font-montserrat !font-bold !underline-offset-4 !decoration-4 !decoration-moviezine-green !text-md\" rel=\"nofollow noopener\" target=\"_blank\">Trailerpremi\u00e4r: \u201dSupergirl\u201d bjuder in till ett actionpackat rymd\u00e4ventyr<\/a><\/p>\n","protected":false},"excerpt":{"rendered":"N\u00e4r Netflix gick ut med att de hade lagt det vinnande budet och planerade att ta \u00f6ver Warner&hellip;\n","protected":false},"author":2,"featured_media":125225,"comment_status":"","ping_status":"","sticky":false,"template":"","format":"standard","meta":{"footnotes":""},"categories":[67],"tags":[4209,104,2399,34,31,33,32,30,105,11455],"class_list":{"0":"post-125224","1":"post","2":"type-post","3":"status-publish","4":"format-standard","5":"has-post-thumbnail","7":"category-underhallning","8":"tag-dc","9":"tag-entertainment","10":"tag-netflix","11":"tag-se","12":"tag-svenska","13":"tag-sverige","14":"tag-sweden","15":"tag-swedish","16":"tag-underhallning","17":"tag-warner-bros"},"share_on_mastodon":{"url":"https:\/\/pubeurope.com\/@se\/115836554042492412","error":""},"_links":{"self":[{"href":"https:\/\/www.europesays.com\/se\/wp-json\/wp\/v2\/posts\/125224","targetHints":{"allow":["GET"]}}],"collection":[{"href":"https:\/\/www.europesays.com\/se\/wp-json\/wp\/v2\/posts"}],"about":[{"href":"https:\/\/www.europesays.com\/se\/wp-json\/wp\/v2\/types\/post"}],"author":[{"embeddable":true,"href":"https:\/\/www.europesays.com\/se\/wp-json\/wp\/v2\/users\/2"}],"replies":[{"embeddable":true,"href":"https:\/\/www.europesays.com\/se\/wp-json\/wp\/v2\/comments?post=125224"}],"version-history":[{"count":0,"href":"https:\/\/www.europesays.com\/se\/wp-json\/wp\/v2\/posts\/125224\/revisions"}],"wp:featuredmedia":[{"embeddable":true,"href":"https:\/\/www.europesays.com\/se\/wp-json\/wp\/v2\/media\/125225"}],"wp:attachment":[{"href":"https:\/\/www.europesays.com\/se\/wp-json\/wp\/v2\/media?parent=125224"}],"wp:term":[{"taxonomy":"category","embeddable":true,"href":"https:\/\/www.europesays.com\/se\/wp-json\/wp\/v2\/categories?post=125224"},{"taxonomy":"post_tag","embeddable":true,"href":"https:\/\/www.europesays.com\/se\/wp-json\/wp\/v2\/tags?post=125224"}],"curies":[{"name":"wp","href":"https:\/\/api.w.org\/{rel}","templated":true}]}}