{"id":125226,"date":"2026-01-04T11:18:07","date_gmt":"2026-01-04T11:18:07","guid":{"rendered":"https:\/\/www.europesays.com\/se\/125226\/"},"modified":"2026-01-04T11:18:07","modified_gmt":"2026-01-04T11:18:07","slug":"ny-modell-av-airpods-pro-kan-fa-inbyggda-ir-kameror","status":"publish","type":"post","link":"https:\/\/www.europesays.com\/se\/125226\/","title":{"rendered":"Ny modell av Airpods Pro kan f\u00e5 inbyggda IR-kameror"},"content":{"rendered":"<p>Det har bara g\u00e5tt n\u00e5gra m\u00e5nader sedan <a href=\"https:\/\/www.macworld.se\/article\/2889532\/apple-airpods-pro-3.html\" data-type=\"link\" data-id=\"https:\/\/www.macworld.se\/article\/2889532\/apple-airpods-pro-3.html\" rel=\"nofollow noopener\" target=\"_blank\">Airpods Pro 3<\/a> lanserades, men redan nu ryktas det om att en ny modell av Apples tr\u00e5dl\u00f6sa h\u00f6rlurar \u00e4r i g\u00f6rningen.<\/p>\n<p>Enligt <a href=\"https:\/\/idg.digidip.net\/visit?url=https:\/\/9to5mac.com\/2026\/01\/02\/another-airpods-pro-3-model-is-coming-with-one-rumored-upgrade\/&amp;currurl=https:\/\/www.macworld.se\/article\/3022469\/ny-modell-av-airpods-pro-kan-fa-inbyggda-ir-kameror.html&amp;ref=7-1-3022469-1-0-0-0-0\" data-type=\"link\" data-id=\"https:\/\/9to5mac.com\/2026\/01\/02\/another-airpods-pro-3-model-is-coming-with-one-rumored-upgrade\/\" rel=\"nofollow noopener\" data-subtag=\"7-1-3022469-1-0-0-0-0\" data-domain-name=\"9to5mac\" target=\"_blank\">9to5Mac<\/a> blir den stora nyheten inbyggda IR-kameror, vilka ska anv\u00e4ndas ihop med AI-l\u00f6sningen Apple Intelligence.<\/p>\n<p>Tanken \u00e4r att IR-kamerorna ska f\u00f6rse oss med relevant information om omgivningen n\u00e4r vi lyssnar p\u00e5 musik, ljudb\u00f6cker eller poddar, men exakt hur det hela ska fungera \u00e5terst\u00e5r att se.<\/p>\n<p>Vad den nya modellen kommer att kallas \u00e4r i skrivande stund oklart, men det skulle kunna bli \u201dAirpods Pro 3 Ultra\u201d eller n\u00e5got liknande.<\/p>\n","protected":false},"excerpt":{"rendered":"Det har bara g\u00e5tt n\u00e5gra m\u00e5nader sedan Airpods Pro 3 lanserades, men redan nu ryktas det om att&hellip;\n","protected":false},"author":2,"featured_media":125227,"comment_status":"","ping_status":"","sticky":false,"template":"","format":"standard","meta":{"footnotes":""},"categories":[66],"tags":[80,78,79,34,31,33,32,30,81,84,83,82],"class_list":{"0":"post-125226","1":"post","2":"type-post","3":"status-publish","4":"format-standard","5":"has-post-thumbnail","7":"category-vetenskap-och-teknik","8":"tag-science","9":"tag-science-and-technology","10":"tag-scienceandtechnology","11":"tag-se","12":"tag-svenska","13":"tag-sverige","14":"tag-sweden","15":"tag-swedish","16":"tag-technology","17":"tag-teknik","18":"tag-vetenskap","19":"tag-vetenskapteknik"},"share_on_mastodon":{"url":"https:\/\/pubeurope.com\/@se\/115836557884670893","error":""},"_links":{"self":[{"href":"https:\/\/www.europesays.com\/se\/wp-json\/wp\/v2\/posts\/125226","targetHints":{"allow":["GET"]}}],"collection":[{"href":"https:\/\/www.europesays.com\/se\/wp-json\/wp\/v2\/posts"}],"about":[{"href":"https:\/\/www.europesays.com\/se\/wp-json\/wp\/v2\/types\/post"}],"author":[{"embeddable":true,"href":"https:\/\/www.europesays.com\/se\/wp-json\/wp\/v2\/users\/2"}],"replies":[{"embeddable":true,"href":"https:\/\/www.europesays.com\/se\/wp-json\/wp\/v2\/comments?post=125226"}],"version-history":[{"count":0,"href":"https:\/\/www.europesays.com\/se\/wp-json\/wp\/v2\/posts\/125226\/revisions"}],"wp:featuredmedia":[{"embeddable":true,"href":"https:\/\/www.europesays.com\/se\/wp-json\/wp\/v2\/media\/125227"}],"wp:attachment":[{"href":"https:\/\/www.europesays.com\/se\/wp-json\/wp\/v2\/media?parent=125226"}],"wp:term":[{"taxonomy":"category","embeddable":true,"href":"https:\/\/www.europesays.com\/se\/wp-json\/wp\/v2\/categories?post=125226"},{"taxonomy":"post_tag","embeddable":true,"href":"https:\/\/www.europesays.com\/se\/wp-json\/wp\/v2\/tags?post=125226"}],"curies":[{"name":"wp","href":"https:\/\/api.w.org\/{rel}","templated":true}]}}