{"id":125240,"date":"2026-01-04T11:28:20","date_gmt":"2026-01-04T11:28:20","guid":{"rendered":"https:\/\/www.europesays.com\/se\/125240\/"},"modified":"2026-01-04T11:28:20","modified_gmt":"2026-01-04T11:28:20","slug":"fn-kraver-att-israel-backar-fran-bistandsforbud","status":"publish","type":"post","link":"https:\/\/www.europesays.com\/se\/125240\/","title":{"rendered":"FN kr\u00e4ver att Israel backar fr\u00e5n bist\u00e5ndsf\u00f6rbud"},"content":{"rendered":"<p>FN:s generalsekreterare Ant\u00f3nio Guterres uppmanar Israel att dra tillbaka sitt f\u00f6rbud mot bist\u00e5ndsorganisationer i Gaza, rapporterar Reuters. <\/p>\n<p>Uttalandet kommer efter att Israel i onsdags stoppat 37 organisationer fr\u00e5n att dela ut n\u00f6dhj\u00e4lp till Gazabor. Bland de organisationer som f\u00f6rbjudits finns bland annat L\u00e4kare utan gr\u00e4nser och Oxfam.<\/p>\n<p>Guterres s\u00e4ger att f\u00f6rbudet riskerar att underminera de framsteg som gjorts under vapenvilan mellan Israel och Hamas.<\/p>\n<p>\u2013 Den h\u00e4r senaste \u00e5tg\u00e4rden kommer ytterligare att f\u00f6rv\u00e4rra den humanit\u00e4ra kris som palestinierna st\u00e5r inf\u00f6r, s\u00e4ger han.<\/p>\n<p>Israel har motiverat f\u00f6rbudet med att man vill hindra organisationer som landet anklagar f\u00f6r att st\u00f6dja terrorism fr\u00e5n att verka i palestinska omr\u00e5den.<\/p>\n<p>Omni \u00e4r politiskt obundna och oberoende. Vi str\u00e4var efter att ge fler perspektiv p\u00e5 nyheterna. Har du fr\u00e5gor eller synpunkter kring v\u00e5r rapportering? <a href=\"https:\/\/omni.se\/fn-kraver-att-israel-backar-fran-bistandsforbud\/a\/mailto:redaktion@omni.se\" class=\"ArticleActions_contactLink__W2F1M\" rel=\"nofollow noopener\" target=\"_blank\">Kontakta redaktionen<\/a><\/p>\n","protected":false},"excerpt":{"rendered":"FN:s generalsekreterare Ant\u00f3nio Guterres uppmanar Israel att dra tillbaka sitt f\u00f6rbud mot bist\u00e5ndsorganisationer i Gaza, rapporterar Reuters. Uttalandet&hellip;\n","protected":false},"author":2,"featured_media":125241,"comment_status":"","ping_status":"","sticky":false,"template":"","format":"standard","meta":{"footnotes":""},"categories":[14],"tags":[3196,22,23,26,27,2150,2151,121,17,21,342,24,25,28,29,124,125,15,16,18,34,31,33,32,30,19,20,51,52,53,54],"class_list":{"0":"post-125240","1":"post","2":"type-post","3":"status-publish","4":"format-standard","5":"has-post-thumbnail","7":"category-varlden","8":"tag-antonio-guterres","9":"tag-breaking-news","10":"tag-breakingnews","11":"tag-featured-news","12":"tag-featurednews","13":"tag-fn","14":"tag-forenta-nationerna","15":"tag-gaza","16":"tag-headlines","17":"tag-huvudnyheter","18":"tag-israel","19":"tag-latest-news","20":"tag-latestnews","21":"tag-main-news","22":"tag-mainnews","23":"tag-mellanostern","24":"tag-mellanosternkrisen","25":"tag-news","26":"tag-nyheter","27":"tag-rubriker","28":"tag-se","29":"tag-svenska","30":"tag-sverige","31":"tag-sweden","32":"tag-swedish","33":"tag-top-stories","34":"tag-topstories","35":"tag-varlden","36":"tag-world","37":"tag-world-news","38":"tag-worldnews"},"share_on_mastodon":{"url":"https:\/\/pubeurope.com\/@se\/115836597370980848","error":""},"_links":{"self":[{"href":"https:\/\/www.europesays.com\/se\/wp-json\/wp\/v2\/posts\/125240","targetHints":{"allow":["GET"]}}],"collection":[{"href":"https:\/\/www.europesays.com\/se\/wp-json\/wp\/v2\/posts"}],"about":[{"href":"https:\/\/www.europesays.com\/se\/wp-json\/wp\/v2\/types\/post"}],"author":[{"embeddable":true,"href":"https:\/\/www.europesays.com\/se\/wp-json\/wp\/v2\/users\/2"}],"replies":[{"embeddable":true,"href":"https:\/\/www.europesays.com\/se\/wp-json\/wp\/v2\/comments?post=125240"}],"version-history":[{"count":0,"href":"https:\/\/www.europesays.com\/se\/wp-json\/wp\/v2\/posts\/125240\/revisions"}],"wp:featuredmedia":[{"embeddable":true,"href":"https:\/\/www.europesays.com\/se\/wp-json\/wp\/v2\/media\/125241"}],"wp:attachment":[{"href":"https:\/\/www.europesays.com\/se\/wp-json\/wp\/v2\/media?parent=125240"}],"wp:term":[{"taxonomy":"category","embeddable":true,"href":"https:\/\/www.europesays.com\/se\/wp-json\/wp\/v2\/categories?post=125240"},{"taxonomy":"post_tag","embeddable":true,"href":"https:\/\/www.europesays.com\/se\/wp-json\/wp\/v2\/tags?post=125240"}],"curies":[{"name":"wp","href":"https:\/\/api.w.org\/{rel}","templated":true}]}}