{"id":125259,"date":"2026-01-04T11:46:10","date_gmt":"2026-01-04T11:46:10","guid":{"rendered":"https:\/\/www.europesays.com\/se\/125259\/"},"modified":"2026-01-04T11:46:10","modified_gmt":"2026-01-04T11:46:10","slug":"shl-spelare-stangs-av-efter-slagsmal-pa-isen","status":"publish","type":"post","link":"https:\/\/www.europesays.com\/se\/125259\/","title":{"rendered":"SHL-spelare st\u00e4ngs av efter slagsm\u00e5l p\u00e5 isen"},"content":{"rendered":"<p class=\"sc-c25743f0-0 sc-e37c0145-2 hObFds DQgPn\"><strong>Det hettade till rej\u00e4lt i m\u00f6tet mellan Skellefte\u00e5 och F\u00e4rjestad.<\/strong><\/p>\n<p class=\"sc-c25743f0-0 sc-e37c0145-2 hObFds DQgPn\"><strong>Ett ordentligt slagsm\u00e5l f\u00e5r nu konsekvenser.<\/strong><\/p>\n<p class=\"sc-c25743f0-0 sc-e37c0145-2 hObFds DQgPn\"><strong>Tv\u00e5 spelare straffas av disciplinn\u00e4mnden.<\/strong><\/p>\n<p class=\"sc-c25743f0-0 sc-e37c0145-2 hObFds DQgPn\">Det var i anslutning till Skellefte\u00e5s 2\u20132-m\u00e5l som situationen sp\u00e5rade ur. Skellefte\u00e5s Max Krogdahl och F\u00e4rjestads Emil Alba r\u00f6k ihop och l\u00e4t knytn\u00e4varna tala inf\u00f6r \u00f6ppen rid\u00e5.<\/p>\n<p class=\"sc-c25743f0-0 sc-e37c0145-2 hObFds DQgPn\">Domarna ingrep efter en stund och delade ut matchstraff till b\u00e5da spelarna. H\u00e4ndelsen anm\u00e4ldes senare vidare till disciplinn\u00e4mnden \u2013 som nu har sagt sitt.<\/p>\n<p class=\"sc-c25743f0-0 sc-e37c0145-2 hObFds DQgPn\">B\u00e5de Krogdahl och Alba st\u00e4ngs av i tv\u00e5 matcher f\u00f6r slagsm\u00e5l. Avst\u00e4ngningen g\u00e4ller perioden 4\u20138 januari och kompletteras med b\u00f6ter p\u00e5 5\u00a0000 kronor vardera.<\/p>\n<p class=\"sc-c25743f0-0 sc-e37c0145-2 hObFds DQgPn\">\u00c4ven Skellefte\u00e5s Andreas Johnson f\u00e4lls i efterhand, f\u00f6r diving, efter att ha f\u00f6rst\u00e4rkt en situation och f\u00e5r betala 5\u00a0000 kronor i b\u00f6ter.<\/p>\n<p class=\"sc-c25743f0-0 sc-e37c0145-2 hObFds DQgPn\">Sj\u00e4lva matchen slutade med klar hemmaseger. Skellefte\u00e5 k\u00f6rde \u00f6ver F\u00e4rjestad och vann med 6\u20132.<\/p>\n","protected":false},"excerpt":{"rendered":"Det hettade till rej\u00e4lt i m\u00f6tet mellan Skellefte\u00e5 och F\u00e4rjestad. Ett ordentligt slagsm\u00e5l f\u00e5r nu konsekvenser. Tv\u00e5 spelare&hellip;\n","protected":false},"author":2,"featured_media":125260,"comment_status":"","ping_status":"","sticky":false,"template":"","format":"standard","meta":{"footnotes":""},"categories":[5],"tags":[22,23,26,27,17,21,24,25,28,29,15,16,18,34,31,33,32,30,19,20],"class_list":{"0":"post-125259","1":"post","2":"type-post","3":"status-publish","4":"format-standard","5":"has-post-thumbnail","7":"category-rubriker","8":"tag-breaking-news","9":"tag-breakingnews","10":"tag-featured-news","11":"tag-featurednews","12":"tag-headlines","13":"tag-huvudnyheter","14":"tag-latest-news","15":"tag-latestnews","16":"tag-main-news","17":"tag-mainnews","18":"tag-news","19":"tag-nyheter","20":"tag-rubriker","21":"tag-se","22":"tag-svenska","23":"tag-sverige","24":"tag-sweden","25":"tag-swedish","26":"tag-top-stories","27":"tag-topstories"},"share_on_mastodon":{"url":"https:\/\/pubeurope.com\/@se\/115836667979841844","error":""},"_links":{"self":[{"href":"https:\/\/www.europesays.com\/se\/wp-json\/wp\/v2\/posts\/125259","targetHints":{"allow":["GET"]}}],"collection":[{"href":"https:\/\/www.europesays.com\/se\/wp-json\/wp\/v2\/posts"}],"about":[{"href":"https:\/\/www.europesays.com\/se\/wp-json\/wp\/v2\/types\/post"}],"author":[{"embeddable":true,"href":"https:\/\/www.europesays.com\/se\/wp-json\/wp\/v2\/users\/2"}],"replies":[{"embeddable":true,"href":"https:\/\/www.europesays.com\/se\/wp-json\/wp\/v2\/comments?post=125259"}],"version-history":[{"count":0,"href":"https:\/\/www.europesays.com\/se\/wp-json\/wp\/v2\/posts\/125259\/revisions"}],"wp:featuredmedia":[{"embeddable":true,"href":"https:\/\/www.europesays.com\/se\/wp-json\/wp\/v2\/media\/125260"}],"wp:attachment":[{"href":"https:\/\/www.europesays.com\/se\/wp-json\/wp\/v2\/media?parent=125259"}],"wp:term":[{"taxonomy":"category","embeddable":true,"href":"https:\/\/www.europesays.com\/se\/wp-json\/wp\/v2\/categories?post=125259"},{"taxonomy":"post_tag","embeddable":true,"href":"https:\/\/www.europesays.com\/se\/wp-json\/wp\/v2\/tags?post=125259"}],"curies":[{"name":"wp","href":"https:\/\/api.w.org\/{rel}","templated":true}]}}