{"id":125287,"date":"2026-01-04T12:22:16","date_gmt":"2026-01-04T12:22:16","guid":{"rendered":"https:\/\/www.europesays.com\/se\/125287\/"},"modified":"2026-01-04T12:22:16","modified_gmt":"2026-01-04T12:22:16","slug":"smarta-hogtalare-xboom-by-will-i-am","status":"publish","type":"post","link":"https:\/\/www.europesays.com\/se\/125287\/","title":{"rendered":"Smarta h\u00f6gtalare: Xboom by will.i.am"},"content":{"rendered":"<p class=\"first_para\">Ett \u00e5r efter att LG och will.i.am lanserade <a href=\"https:\/\/www.ljudochbild.se\/nyheter\/horlurar\/lg-lanserar-en-ny-kollektion-ai-drivna-ljudprodukter-xboom-by-will-i-am\/\" rel=\"nofollow noopener\" target=\"_blank\">sin f\u00f6rsta h\u00f6gtalarkollaboration<\/a> \u00e4r uppf\u00f6ljarna i Xboom-serien h\u00e4r. Fyra nya modeller t\u00e4cker allt fr\u00e5n tr\u00e4dg\u00e5rdsfester till tuffa fj\u00e4llvandringar, med funktioner som automatisk borttagning av s\u00e5ng och rumsanpassning.<\/p>\n<p>Stage 501: Partyh\u00f6gtalare tar bort s\u00e5ngen i realtid<\/p>\n<p>Stage 501, efterf\u00f6ljaren till Stage 301 som vi s\u00e5g p\u00e5 CES f\u00f6rra \u00e5ret, kommer sannolikt att f\u00e5 mest uppm\u00e4rksamhet. Det h\u00e4r \u00e4r en partyh\u00f6gtalare med inbyggd karaokefunktion som kan ta bort eller justera s\u00e5ngen i l\u00e5tar i realtid. Systemet har tr\u00e4nats p\u00e5 \u00f6ver 10 000 l\u00e5tar och fungerar utan abonnemang. Det \u00e4r n\u00e4stan deprimerande att man idag m\u00e5ste betona att det inte finns n\u00e5gra dolda kostnader.<\/p>\n<p>Du kan sjunga solo, duetta med den ursprungliga artisten eller bara d\u00e4mpa huvuds\u00e5ngen lite om du \u00e4r blyg. Tonh\u00f6jden kan ocks\u00e5 justeras om ditt eget r\u00f6stomf\u00e5ng inte matchar den ursprungliga l\u00e5ten. Praktiskt f\u00f6r spontana karaokekv\u00e4llar, om det fungerar som utlovat.<\/p>\n<p>Stage 501 har \u00e4rvt det femkantiga kabinettet fr\u00e5n sin f\u00f6reg\u00e5ngare, med m\u00f6jlighet att placera den uppr\u00e4tt, horisontellt eller lutande. Eller montera den p\u00e5 ett stativ. Inuti finns dubbla basar, fullregisterelement och diskanth\u00f6gtalare fr\u00e5n danska Peerless.<\/p>\n<p>Batteriet p\u00e5 99 Wh \u00e4r utbytbart och ska ge upp till 25 timmars speltid. N\u00e4r den \u00e4r ansluten till eln\u00e4tet levererar h\u00f6gtalaren 220 watt, och 160 watt n\u00e4r den drivs med batteri.<\/p>\n<p><a href=\"https:\/\/www.lydogbilde.no\/nyheter\/hoyttalere\/xboom-by-will-i-am-hoyttalere\/attachment\/photo2-lg-xboom-x-will-i-am-partnership-scaled-1\/\" rel=\"attachment wp-att-537534 noopener nofollow\" target=\"_blank\"><img fetchpriority=\"high\" decoding=\"async\" class=\"size-full wp-image-537534\" src=\"https:\/\/www.europesays.com\/se\/wp-content\/uploads\/2026\/01\/Photo2-LG-xboom-x-will.i.am-Partnership-scaled-1-scaled.jpg\" alt=\"Photo2-LG-xboom-x-will.i.am-Partnership-scaled-1\" width=\"2560\" height=\"1441\" title=\"Smarta h\u00f6gtalare: Xboom by will.i.am 1\"\/><\/a>Pressfoto fr\u00e5n den f\u00f6rsta upplagan av Xboom av will.i.am. (Foto: LG)<br \/>\nXboom Blast: Byggd f\u00f6r resor och terrasser<\/p>\n<p>Om du hellre vill ta med dig musiken ut i naturen kan LG Xboom Blast vara l\u00f6sningen. Dess robusthet har testats enligt milit\u00e4ra standarder och dess gummerade kanter t\u00e5l ett slag eller tv\u00e5.<\/p>\n<p>Batteritiden anges till 35 timmar fr\u00e5n samma 99 Wh-batteri som i Stage 501. Med 220 watt effekt och tre passiva radiatorer ska Blast ge ett brett ljudf\u00e4lt som fyller tr\u00e4dg\u00e5rden med kraftfull musik.<\/p>\n<p>En smart detalj \u00e4r repgreppet p\u00e5 sidan, som g\u00f6r det enkelt att b\u00e4ra med sig h\u00f6gtalaren. Alternativt kan den b\u00e4ras med gummihandtaget p\u00e5 ovansidan.<\/p>\n<p>Xboom Mini: Kompakt kubh\u00f6gtalare<\/p>\n<p>Den minsta nyheten \u00e4r Xboom Mini, en kubformad h\u00f6gtalare f\u00f6r k\u00f6ksb\u00e4nken, uteplatsen eller ryggs\u00e4cken. IP67 inneb\u00e4r att den \u00e4r vatten- och dammbest\u00e4ndig, och ett inbyggt stativf\u00e4ste m\u00f6jligg\u00f6r flexibel placering.<\/p>\n<p>Batteritiden \u00e4r mer blygsam \u2013 cirka 10 timmar \u2013 men det r\u00e4cker f\u00f6r en eftermiddag i parken. Magic Strap g\u00f6r det enkelt att h\u00e4nga upp eller b\u00e4ra med sig h\u00f6gtalaren.<\/p>\n<p>LG lovar att funktionen Sound Field Enhance kommer att ge ett rikt ljud \u00e4ven i \u00f6ppna milj\u00f6er. Hur v\u00e4l det fungerar fr\u00e5n en s\u00e5 kompakt h\u00f6gtalare \u00e5terst\u00e5r att se.<\/p>\n<p>Xboom Rock: T\u00e5l det mesta<\/p>\n<p>Sist men inte minst har vi Xboom Rock, en uppgraderad version av den tidigare modellen XG2. Rock har testats enligt sju milit\u00e4ra standarder och har \u00f6kad effekt till 6 watt \u2013 blygsamt j\u00e4mf\u00f6rt med de st\u00f6rre modellerna, men rimligt f\u00f6r en s\u00e5 kompakt enhet.<\/p>\n<p>Rock st\u00f6der Bluetooth med Auracast, vilket g\u00f6r det enkelt att dela musik med andra kompatibla h\u00f6gtalare i n\u00e4rheten. Eller s\u00e5 kan du ta emot musiken via ett par Auracast-kompatibla h\u00f6rlurar. Batteritiden anges till 10 timmar.<\/p>\n<p>Automatisk anpassning till rummet<\/p>\n<p>Gemensamt f\u00f6r de st\u00f6rre Xboom-modellerna \u00e4r funktioner som automatiskt justerar ljudet. Stage 501 och Blast har Space Calibration Pro, som analyserar omgivningen och justerar ljudet d\u00e4refter. Tanken \u00e4r att h\u00f6gtalarna ska l\u00e5ta bra oavsett om de \u00e4r inomhus eller utomhus, utan att du sj\u00e4lv beh\u00f6ver justera equalizern.<\/p>\n<p>En annan funktion analyserar ljudinneh\u00e5llet och justerar balansen mellan bas, mellanregister och diskant utifr\u00e5n vad du spelar. Ljuseffekterna synkroniseras med musiken p\u00e5 de modeller som har denna funktion.<\/p>\n<p>Med appen FYI.RAiDiO kan du prata med olika DJ-profiler f\u00f6r att f\u00e5 musikrekommendationer. Om detta \u00e4r funktionellt eller bara en gimmick \u00e5terst\u00e5r att se. Will.i.am lovar \u201den levande, l\u00e4rorik upplevelse\u201d i pressmeddelandet.<\/p>\n<p>Xboom by will.i.am: Pris och tillg\u00e4nglighet<\/p>\n<p>De nya Xboom-h\u00f6gtalarna kommer att visas p\u00e5 CES 2026 i Las Vegas den 6\u20139 januari. Produkterna kommer att lanseras globalt under 2026, men vi har inte f\u00e5tt n\u00e5gon bekr\u00e4ftelse p\u00e5 n\u00e4r de kommer att anl\u00e4nda till Norden eller hur mycket de kommer att kosta.<\/p>\n<p>Mer info: <a href=\"https:\/\/www.lg.com\/se\" target=\"_blank\" rel=\"noopener nofollow\">lg.com<\/a><\/p>\n<p>    <a href=\"https:\/\/www.ljudochbild.se\/author\/geir-nordby\/\" rel=\"nofollow noopener\" target=\"_blank\"><br \/>\n        <img decoding=\"async\" style=\"border-radius:50px;width:90px;\" alt=\"Geir Gr\u00e5bein Nordby\" src=\"https:\/\/www.europesays.com\/se\/wp-content\/uploads\/2025\/08\/geir_g.jpg\"\/> <\/a>   <\/p>\n<p>\n(f. 1978): Journalist. Gr\u00e5bein har aldrig haft n\u00e5got annat heltidsjobb \u00e4n p\u00e5 Ljud &amp; Bild. \u00c5 andra sidan har han varit h\u00e4r n\u00e4stan halva sitt liv, \u00e4nda sedan 2001 n\u00e4r han skickade en jobbans\u00f6kan till fel adress (han ville egentligen till en inspelningsstudio med samma namn). Gr\u00e5beins expertis \u00e4r fr\u00e4mst inom hifi, h\u00f6rlurar och hemmabio, men det h\u00e4nder att han glimtar till med andra kvaliteter ocks\u00e5.\n<\/p>\n<p>    <a href=\"https:\/\/www.ljudochbild.se\/arets-basta-home-produkter-2025-2026\/\" rel=\"nofollow noopener\" target=\"_blank\"> <img decoding=\"async\" src=\"https:\/\/www.europesays.com\/se\/wp-content\/uploads\/2025\/11\/Svensk-Home-1.png\"\/><\/a><\/p>\n","protected":false},"excerpt":{"rendered":"Ett \u00e5r efter att LG och will.i.am lanserade sin f\u00f6rsta h\u00f6gtalarkollaboration \u00e4r uppf\u00f6ljarna i Xboom-serien h\u00e4r. Fyra nya&hellip;\n","protected":false},"author":2,"featured_media":125288,"comment_status":"","ping_status":"","sticky":false,"template":"","format":"standard","meta":{"footnotes":""},"categories":[66],"tags":[80,78,79,34,31,33,32,30,81,84,83,82],"class_list":{"0":"post-125287","1":"post","2":"type-post","3":"status-publish","4":"format-standard","5":"has-post-thumbnail","7":"category-vetenskap-och-teknik","8":"tag-science","9":"tag-science-and-technology","10":"tag-scienceandtechnology","11":"tag-se","12":"tag-svenska","13":"tag-sverige","14":"tag-sweden","15":"tag-swedish","16":"tag-technology","17":"tag-teknik","18":"tag-vetenskap","19":"tag-vetenskapteknik"},"share_on_mastodon":{"url":"https:\/\/pubeurope.com\/@se\/115836809890518718","error":""},"_links":{"self":[{"href":"https:\/\/www.europesays.com\/se\/wp-json\/wp\/v2\/posts\/125287","targetHints":{"allow":["GET"]}}],"collection":[{"href":"https:\/\/www.europesays.com\/se\/wp-json\/wp\/v2\/posts"}],"about":[{"href":"https:\/\/www.europesays.com\/se\/wp-json\/wp\/v2\/types\/post"}],"author":[{"embeddable":true,"href":"https:\/\/www.europesays.com\/se\/wp-json\/wp\/v2\/users\/2"}],"replies":[{"embeddable":true,"href":"https:\/\/www.europesays.com\/se\/wp-json\/wp\/v2\/comments?post=125287"}],"version-history":[{"count":0,"href":"https:\/\/www.europesays.com\/se\/wp-json\/wp\/v2\/posts\/125287\/revisions"}],"wp:featuredmedia":[{"embeddable":true,"href":"https:\/\/www.europesays.com\/se\/wp-json\/wp\/v2\/media\/125288"}],"wp:attachment":[{"href":"https:\/\/www.europesays.com\/se\/wp-json\/wp\/v2\/media?parent=125287"}],"wp:term":[{"taxonomy":"category","embeddable":true,"href":"https:\/\/www.europesays.com\/se\/wp-json\/wp\/v2\/categories?post=125287"},{"taxonomy":"post_tag","embeddable":true,"href":"https:\/\/www.europesays.com\/se\/wp-json\/wp\/v2\/tags?post=125287"}],"curies":[{"name":"wp","href":"https:\/\/api.w.org\/{rel}","templated":true}]}}