{"id":125291,"date":"2026-01-04T12:26:30","date_gmt":"2026-01-04T12:26:30","guid":{"rendered":"https:\/\/www.europesays.com\/se\/125291\/"},"modified":"2026-01-04T12:26:30","modified_gmt":"2026-01-04T12:26:30","slug":"nya-hotet-mot-gronland-fran-trumps-led-expressen","status":"publish","type":"post","link":"https:\/\/www.europesays.com\/se\/125291\/","title":{"rendered":"Nya hotet mot Gr\u00f6nland fr\u00e5n Trumps led &#8211; Expressen"},"content":{"rendered":"<ol>\n<li><a href=\"https:\/\/news.google.com\/rss\/articles\/CBMiigFBVV95cUxQVHJ1eTU1RHpGUVU2TmF5TEFGTFVTRW1hYldlZG5DYmQwLVBob2F5eXI5b3dfMjRlS2diN0w0c0Y1bVVUZzB1WUs1TVZqSDF2VkdjU3JCaFRSXzJPTE15M3ZpRTllOEFCV2FnenhQQWlXRmtxOU9VbjNHRk5CWkZ3c1FxYkNBN0tVS3c?oc=5\" target=\"_blank\" rel=\"nofollow noopener\">Nya hotet mot Gr\u00f6nland fr\u00e5n Trumps led<\/a>&nbsp;&nbsp;Expressen<\/li>\n<li><a href=\"https:\/\/news.google.com\/rss\/articles\/CBMiiwFBVV95cUxNVGJBSFp5NjhVQ2YtNGgyNDhpMFdraE5YQ0V3T2hTUVBQUHpPSnlUajFZRVlBMXFJM3dLa0d6WXI0TVV6UmR5dzB2LXVrZjc0WFU4TnJzSGZkUHBJNnpsZWw5TS01SjdmNXBOLWRlZjJGNjJhM1dVSmp4Yl9HdzhUZVJqeDBDUzlLR3VF?oc=5\" target=\"_blank\" rel=\"nofollow noopener\">Amerikanska utspelet mot Gr\u00f6nland: \u201dSnart\u201d<\/a>&nbsp;&nbsp;Aftonbladet<\/li>\n<li><a href=\"https:\/\/news.google.com\/rss\/articles\/CBMinwFBVV95cUxOMkZIcVo2MWJsWHlqaUw0aE04ZXp1dnB0bFVvYmhQOFpPRVVNb0JfanBra2Q2RHNGZzRxbmpEbUlXeG5QRXVyeW01RXVGbG5sR0Jqckttdk9sZnZJNElBVGlGbWRiVW4yTGxYZVk3elkyOHZPMTBZMmlHamVtWm1mM3hYZXB3cXFLeHhLQ1dmMWN1TXZVbXpiR3Vac1FJMVU?oc=5\" target=\"_blank\" rel=\"nofollow noopener\">Tidigare Trump-anst\u00e4llds utspel om Gr\u00f6nland: \u201dSnart\u201d \u2013 USA:s attack mot Venezuela \u2013 SVT liverapporterar<\/a>&nbsp;&nbsp;SVT Nyheter<\/li>\n<li><a href=\"https:\/\/news.google.com\/rss\/articles\/CBMidkFVX3lxTE5xVkhFb3Q3UDNXeVVpN0E1cDRWTlJET1ljZlJnOXE0OE9UYU5xWlh3T2ZYUk9EeEc1cDl4aFAwWnBPYkRWWTZocjBVTGZqSEtzdzRnd0Z6OHhvQlF3OWpRUVlkZ3VrSlpsaUdFRFpuTXBhRTJSRWc?oc=5\" target=\"_blank\" rel=\"nofollow noopener\">Utspel om Gr\u00f6nland i Trumps krets: \u201dSnart\u201d<\/a>&nbsp;&nbsp;SvD<\/li>\n<li><a href=\"https:\/\/news.google.com\/rss\/articles\/CBMiowFBVV95cUxNUUFKX2dTaDV5SkYtRmJzelhjUXRKZ3QyeEdyLTFxeEhkRUdLekw2NHhzMUJINlFTX3YzQWVzV3d6Vk1FejEwemFPQWxKUXZYMndqaGczbW5uRlZhZGt6MjRrWTRLNS1zT0hoTllSWm51cGV0blJ5OUZ3WW9UWFFMX29rSVpSNzRrWHRyRFRYTy1BMlc2RVEtVVJYR2lnanZuRHZB?oc=5\" target=\"_blank\" rel=\"nofollow noopener\">Amerikansk attack v\u00e4cker ny dansk oro \u00f6ver Gr\u00f6nland<\/a>&nbsp;&nbsp;Sveriges Radio<\/li>\n<\/ol>\n","protected":false},"excerpt":{"rendered":"Nya hotet mot Gr\u00f6nland fr\u00e5n Trumps led&nbsp;&nbsp;Expressen Amerikanska utspelet mot Gr\u00f6nland: \u201dSnart\u201d&nbsp;&nbsp;Aftonbladet Tidigare Trump-anst\u00e4llds utspel om Gr\u00f6nland: \u201dSnart\u201d&hellip;\n","protected":false},"author":2,"featured_media":125292,"comment_status":"","ping_status":"","sticky":false,"template":"","format":"standard","meta":{"footnotes":""},"categories":[5],"tags":[22,23,26,27,17,21,24,25,2034,45,3819,28,29,15,13083,16,198,3553,18,34,55,31,33,32,30,19,20],"class_list":{"0":"post-125291","1":"post","2":"type-post","3":"status-publish","4":"format-standard","5":"has-post-thumbnail","7":"category-rubriker","8":"tag-breaking-news","9":"tag-breakingnews","10":"tag-featured-news","11":"tag-featurednews","12":"tag-headlines","13":"tag-huvudnyheter","14":"tag-latest-news","15":"tag-latestnews","16":"tag-location-gronland","17":"tag-location-usa","18":"tag-location-venezuela","19":"tag-main-news","20":"tag-mainnews","21":"tag-news","22":"tag-newsstory-konflikten-mellan-usa-och-venezuela","23":"tag-nyheter","24":"tag-person-donald-trump","25":"tag-person-stephen-miller","26":"tag-rubriker","27":"tag-se","28":"tag-sections-varlden","29":"tag-svenska","30":"tag-sverige","31":"tag-sweden","32":"tag-swedish","33":"tag-top-stories","34":"tag-topstories"},"share_on_mastodon":{"url":"https:\/\/pubeurope.com\/@se\/115836825274221499","error":""},"_links":{"self":[{"href":"https:\/\/www.europesays.com\/se\/wp-json\/wp\/v2\/posts\/125291","targetHints":{"allow":["GET"]}}],"collection":[{"href":"https:\/\/www.europesays.com\/se\/wp-json\/wp\/v2\/posts"}],"about":[{"href":"https:\/\/www.europesays.com\/se\/wp-json\/wp\/v2\/types\/post"}],"author":[{"embeddable":true,"href":"https:\/\/www.europesays.com\/se\/wp-json\/wp\/v2\/users\/2"}],"replies":[{"embeddable":true,"href":"https:\/\/www.europesays.com\/se\/wp-json\/wp\/v2\/comments?post=125291"}],"version-history":[{"count":0,"href":"https:\/\/www.europesays.com\/se\/wp-json\/wp\/v2\/posts\/125291\/revisions"}],"wp:featuredmedia":[{"embeddable":true,"href":"https:\/\/www.europesays.com\/se\/wp-json\/wp\/v2\/media\/125292"}],"wp:attachment":[{"href":"https:\/\/www.europesays.com\/se\/wp-json\/wp\/v2\/media?parent=125291"}],"wp:term":[{"taxonomy":"category","embeddable":true,"href":"https:\/\/www.europesays.com\/se\/wp-json\/wp\/v2\/categories?post=125291"},{"taxonomy":"post_tag","embeddable":true,"href":"https:\/\/www.europesays.com\/se\/wp-json\/wp\/v2\/tags?post=125291"}],"curies":[{"name":"wp","href":"https:\/\/api.w.org\/{rel}","templated":true}]}}