{"id":125295,"date":"2026-01-04T12:31:36","date_gmt":"2026-01-04T12:31:36","guid":{"rendered":"https:\/\/www.europesays.com\/se\/125295\/"},"modified":"2026-01-04T12:31:36","modified_gmt":"2026-01-04T12:31:36","slug":"emil-lundin-fran-hedemora-samlar-pa-motorsagar","status":"publish","type":"post","link":"https:\/\/www.europesays.com\/se\/125295\/","title":{"rendered":"Emil Lundin fr\u00e5n Hedemora samlar p\u00e5 motors\u00e5gar"},"content":{"rendered":"<p>Publicerad 4 jan 2026 kl 13.22<\/p>\n<p>\u00d6ver 160 motors\u00e5gar st\u00e5r i 24-\u00e5riga Emil Lundins garage.<\/p>\n<p>Och fler ska det bli.<\/p>\n<p>\u2013 \u00c4rligt talat finns det nog inget stopp p\u00e5 mitt samlande, s\u00e4ger han.<\/p>\n<p><img   alt=\"\"\/><\/p>\n<p>Emil har haft ett intresse f\u00f6r motorer sedan han var knatte.<\/p>\n<p>Foto: Privat. \/ Privat.<\/p>\n<p>\u00d6ppna bild i helsk\u00e4rm<\/p>\n<p>Som 14-\u00e5ring fick Emil Lundin fr\u00e5n <a href=\"https:\/\/www.expressen.se\/tagg\/location\/hedemora\/\" class=\"\" rel=\"nofollow noopener\" target=\"_blank\">Hedemora<\/a> sin f\u00f6rsta motors\u00e5g av en granne som han hj\u00e4lpt. Tio \u00e5r senare har samlingen vuxit till \u00f6ver 160 stycken.<\/p>\n<p>Men intresset b\u00f6rjade l\u00e5ngt tidigare.<\/p>\n<p>\u2013 Det var min morbror som drog i g\u00e5ng det hela. N\u00e4r jag var hemma hos honom som fem-sex\u00e5ring ville jag h\u00f6ra p\u00e5 motors\u00e5garna som han hade i garaget, s\u00e4ger Emil.<\/p>\n<p>P\u00e5 hyllorna stod flera s\u00e5gar och Emil fick peka p\u00e5 den han var mest nyfiken p\u00e5.<\/p>\n<p>\u2013 S\u00e5 plockade han ner motors\u00e5gen och drog i g\u00e5ng honom s\u00e5 att jag fick h\u00f6ra.<\/p>\n<p><img loading=\"lazy\"   alt=\"\"\/><\/p>\n<p>Emils motors\u00e5gar i ett prydligt arrangemang.<\/p>\n<p>Foto: Privat<\/p>\n<p>\u00d6ppna bild i helsk\u00e4rm<img loading=\"lazy\"   alt=\"\"\/><\/p>\n<p>P\u00e5 hyllorna st\u00e5r Emil Lundins s\u00e5gar prydligt uppst\u00e4llda.<\/p>\n<p>Foto: Privat<\/p>\n<p>\u00d6ppna bild i helsk\u00e4rm<img loading=\"lazy\"   alt=\"\"\/><\/p>\n<p>Emil Lundin ser inget stopp p\u00e5 sitt samlande.<\/p>\n<p>Foto: Privat<\/p>\n<p>\u00d6ppna bild i helsk\u00e4rm\u201dAlltid varit en riktig motorn\u00f6rd\u201d<\/p>\n<p>Intresset grundar sig framf\u00f6r allt i hur maskinerna fungerar.<\/p>\n<p>\u2013 Jag har alltid varit en riktig motorn\u00f6rd. Om man f\u00e5r en s\u00e5g som man inte har haft i samlingen s\u00e5 \u00e4r det alltid sp\u00e4nnande att f\u00e5 reda p\u00e5 om han fungerar eller om han beh\u00f6ver reservdelar.<\/p>\n<p>Och m\u00e5nga s\u00e5gar har han f\u00e5tt. Emil har varit p\u00e5 en mediaturn\u00e9 med sin motors\u00e5gssamling och synts i lokaltidningar, SVT, P4 och TV4, vilket lett till att flera gener\u00f6sa motors\u00e5gs\u00e4gare h\u00f6rt av sig. F\u00f6rst ut att att uppm\u00e4rksamma samlingen var <a href=\"https:\/\/lokalti.se\/emil-samlar-pa-motorsagar-varje-sag-lever-sitt-eget-lilla-liv\/\" rel=\"nofollow noopener\" target=\"_blank\">Lokalt i Dalarna<\/a>.<\/p>\n<p>\u2013 Skulle jag gissa har jag s\u00e4kert f\u00e5tt runt 15 stycken sedan jag gjorde min f\u00f6rsta intervju. Folk tycker att det \u00e4r kul att jag bevarar s\u00e5dana h\u00e4r gamla rariteter. De menar att det \u00e4r b\u00e4ttre att jag som har intresse f\u00f6r motors\u00e5garna tar hand om dem i st\u00e4llet f\u00f6r att de sl\u00e4ngs, s\u00e4ger Emil och till\u00e4gger:<\/p>\n<p>\u2013 Det h\u00e5ller jag fullst\u00e4ndigt med om. Det h\u00e4r \u00e4r ett kulturarv.<\/p>\n<p><img loading=\"lazy\"   alt=\"\"\/><\/p>\n<p>Hyllmeter efter hyllmeter med motors\u00e5gar st\u00e5r i garaget.<\/p>\n<p>Foto: Privat<\/p>\n<p>\u00d6ppna bild i helsk\u00e4rmSamlar ocks\u00e5 p\u00e5 r\u00f6js\u00e5gar<\/p>\n<p>N\u00e4r Expressen n\u00e5r Emil p\u00e5 telefon har han f\u00e5tt bes\u00f6k av en givmild fr\u00e4mling.<\/p>\n<p>\u2013 Men det var ingen motors\u00e5g. Han gav mig en r\u00f6js\u00e5g, vilket \u00e4r en typ av gr\u00e4strimmer. Det samlar jag p\u00e5 ocks\u00e5, men inte i lika stor utstr\u00e4ckning.<\/p>\n<p>Favoriten i motors\u00e5gssamlingen \u00e4r en Mcculloch D30 av \u00e5rsmodell 1954.<\/p>\n<p>\u2013 Han \u00e4r v\u00e4ldigt ovanlig och ovanliga s\u00e5gar \u00e4r alltid kul att ha p\u00e5 hyllan.<\/p>\n<p>Men alla s\u00e5gar f\u00e5r den k\u00e4rlek de beh\u00f6ver.<\/p>\n<p>\u2013 Jag brukar provs\u00e5ga med dem hemma p\u00e5 g\u00e5rden s\u00e5 att de f\u00e5r g\u00e5 lite, f\u00f6r att det inte ska gegga igen i membranen. Det \u00e4r inte s\u00e5 trevligt, f\u00f6r d\u00e5 m\u00e5ste den bytas ut.<\/p>\n<p><img loading=\"lazy\"   alt=\"\"\/> <\/p>\n<p>Foto: Privat. \/ Privat.<\/p>\n<p>\u00d6ppna bild i helsk\u00e4rm<\/p>\n","protected":false},"excerpt":{"rendered":"Publicerad 4 jan 2026 kl 13.22 \u00d6ver 160 motors\u00e5gar st\u00e5r i 24-\u00e5riga Emil Lundins garage. Och fler ska&hellip;\n","protected":false},"author":2,"featured_media":125296,"comment_status":"","ping_status":"","sticky":false,"template":"","format":"standard","meta":{"footnotes":""},"categories":[65],"tags":[72,70,71,13084,34,154,31,33,32,30],"class_list":{"0":"post-125295","1":"post","2":"type-post","3":"status-publish","4":"format-standard","5":"has-post-thumbnail","7":"category-ekonomi","8":"tag-business","9":"tag-economy","10":"tag-ekonomi","11":"tag-location-hedemora","12":"tag-se","13":"tag-sections-sverige","14":"tag-svenska","15":"tag-sverige","16":"tag-sweden","17":"tag-swedish"},"share_on_mastodon":{"url":"https:\/\/pubeurope.com\/@se\/115836844933323187","error":""},"_links":{"self":[{"href":"https:\/\/www.europesays.com\/se\/wp-json\/wp\/v2\/posts\/125295","targetHints":{"allow":["GET"]}}],"collection":[{"href":"https:\/\/www.europesays.com\/se\/wp-json\/wp\/v2\/posts"}],"about":[{"href":"https:\/\/www.europesays.com\/se\/wp-json\/wp\/v2\/types\/post"}],"author":[{"embeddable":true,"href":"https:\/\/www.europesays.com\/se\/wp-json\/wp\/v2\/users\/2"}],"replies":[{"embeddable":true,"href":"https:\/\/www.europesays.com\/se\/wp-json\/wp\/v2\/comments?post=125295"}],"version-history":[{"count":0,"href":"https:\/\/www.europesays.com\/se\/wp-json\/wp\/v2\/posts\/125295\/revisions"}],"wp:featuredmedia":[{"embeddable":true,"href":"https:\/\/www.europesays.com\/se\/wp-json\/wp\/v2\/media\/125296"}],"wp:attachment":[{"href":"https:\/\/www.europesays.com\/se\/wp-json\/wp\/v2\/media?parent=125295"}],"wp:term":[{"taxonomy":"category","embeddable":true,"href":"https:\/\/www.europesays.com\/se\/wp-json\/wp\/v2\/categories?post=125295"},{"taxonomy":"post_tag","embeddable":true,"href":"https:\/\/www.europesays.com\/se\/wp-json\/wp\/v2\/tags?post=125295"}],"curies":[{"name":"wp","href":"https:\/\/api.w.org\/{rel}","templated":true}]}}