{"id":125303,"date":"2026-01-04T12:57:07","date_gmt":"2026-01-04T12:57:07","guid":{"rendered":"https:\/\/www.europesays.com\/se\/125303\/"},"modified":"2026-01-04T12:57:07","modified_gmt":"2026-01-04T12:57:07","slug":"04-januari-13-40-trafikbrott-lycksele","status":"publish","type":"post","link":"https:\/\/www.europesays.com\/se\/125303\/","title":{"rendered":"04 januari 13.40, Trafikbrott, Lycksele"},"content":{"rendered":"<p>Efter klockan 12 i dag kontrollerades en personbil p\u00e5 S\u00f6dermalm i Lycksele. Eftersom bilf\u00f6raren inte anv\u00e4nde bilb\u00e4lte under f\u00e4rd s\u00e5 utf\u00e4rdades en ordningsbot (b\u00f6ter).<\/p>\n<p>En stund senare kontrollerades hastigheten p\u00e5 en bil som k\u00f6rdes p\u00e5 E12 vid Lugnet. Hastigheten uppm\u00e4ttes till 108 kilometer i timmen p\u00e5 en 90-str\u00e4cka. En ordningsbot utf\u00e4rdades p\u00e5 grund av hastighets\u00f6vertr\u00e4delsen.<\/p>\n<p>Vid klockan 13 i dag kontrollerades hastigheten p\u00e5 E12 vid Umgransele. En personbil k\u00f6rdes i 109 kilometer i timmen p\u00e5 en 90-str\u00e4cka. En ordningsbot utf\u00e4rdades p\u00e5 grund av hastighets\u00f6vertr\u00e4delse.<\/p>\n<p>\u00a0<\/p>\n","protected":false},"excerpt":{"rendered":"Efter klockan 12 i dag kontrollerades en personbil p\u00e5 S\u00f6dermalm i Lycksele. Eftersom bilf\u00f6raren inte anv\u00e4nde bilb\u00e4lte under&hellip;\n","protected":false},"author":2,"featured_media":54,"comment_status":"","ping_status":"","sticky":false,"template":"","format":"standard","meta":{"footnotes":""},"categories":[12],"tags":[22,23,26,27,17,21,24,25,28,29,15,16,18,34,31,33,32,30,19,20],"class_list":{"0":"post-125303","1":"post","2":"type-post","3":"status-publish","4":"format-standard","5":"has-post-thumbnail","7":"category-sverige","8":"tag-breaking-news","9":"tag-breakingnews","10":"tag-featured-news","11":"tag-featurednews","12":"tag-headlines","13":"tag-huvudnyheter","14":"tag-latest-news","15":"tag-latestnews","16":"tag-main-news","17":"tag-mainnews","18":"tag-news","19":"tag-nyheter","20":"tag-rubriker","21":"tag-se","22":"tag-svenska","23":"tag-sverige","24":"tag-sweden","25":"tag-swedish","26":"tag-top-stories","27":"tag-topstories"},"share_on_mastodon":{"url":"https:\/\/pubeurope.com\/@se\/115836947237810485","error":""},"_links":{"self":[{"href":"https:\/\/www.europesays.com\/se\/wp-json\/wp\/v2\/posts\/125303","targetHints":{"allow":["GET"]}}],"collection":[{"href":"https:\/\/www.europesays.com\/se\/wp-json\/wp\/v2\/posts"}],"about":[{"href":"https:\/\/www.europesays.com\/se\/wp-json\/wp\/v2\/types\/post"}],"author":[{"embeddable":true,"href":"https:\/\/www.europesays.com\/se\/wp-json\/wp\/v2\/users\/2"}],"replies":[{"embeddable":true,"href":"https:\/\/www.europesays.com\/se\/wp-json\/wp\/v2\/comments?post=125303"}],"version-history":[{"count":0,"href":"https:\/\/www.europesays.com\/se\/wp-json\/wp\/v2\/posts\/125303\/revisions"}],"wp:featuredmedia":[{"embeddable":true,"href":"https:\/\/www.europesays.com\/se\/wp-json\/wp\/v2\/media\/54"}],"wp:attachment":[{"href":"https:\/\/www.europesays.com\/se\/wp-json\/wp\/v2\/media?parent=125303"}],"wp:term":[{"taxonomy":"category","embeddable":true,"href":"https:\/\/www.europesays.com\/se\/wp-json\/wp\/v2\/categories?post=125303"},{"taxonomy":"post_tag","embeddable":true,"href":"https:\/\/www.europesays.com\/se\/wp-json\/wp\/v2\/tags?post=125303"}],"curies":[{"name":"wp","href":"https:\/\/api.w.org\/{rel}","templated":true}]}}