{"id":125312,"date":"2026-01-04T13:13:07","date_gmt":"2026-01-04T13:13:07","guid":{"rendered":"https:\/\/www.europesays.com\/se\/125312\/"},"modified":"2026-01-04T13:13:07","modified_gmt":"2026-01-04T13:13:07","slug":"nya-varningen-efter-helgens-ovader-mer-sno-pa-vag-nwt","status":"publish","type":"post","link":"https:\/\/www.europesays.com\/se\/125312\/","title":{"rendered":"NYA VARNINGEN: Efter helgens ov\u00e4der \u2013 mer sn\u00f6 p\u00e5 v\u00e4g &#8211; NWT"},"content":{"rendered":"<ol>\n<li><a href=\"https:\/\/news.google.com\/rss\/articles\/CBMifEFVX3lxTE5kbVRKc3JyQkhZUF9BMHRYSWhIZ2tnV29ZSmJZcTQ5OEM4OEwxSUtNSlRzazFFdEdTLWRhZ0stUHBnVTQ1LUs5V09DNUpVcnliN2N3SEE0dFUyUWhkVlpXQ0hvMk9NVTh0b0U3ZC1uVzdkenNvVnNfTTJzcl8?oc=5\" target=\"_blank\" rel=\"nofollow noopener\">NYA VARNINGEN: Efter helgens ov\u00e4der \u2013 mer sn\u00f6 p\u00e5 v\u00e4g<\/a>&nbsp;&nbsp;NWT<\/li>\n<li><a href=\"https:\/\/news.google.com\/rss\/articles\/CBMipwFBVV95cUxQLVZPMzA0OEplNkhfZWhCYkxmcGtPLUQ2YUVZODhFX1hMSGpndW1UdlZLZ3hqNUcxNngxNUlVXzNRUnpFOVpFUV9tTTBoSmxZLUFmQi1ERVlTd0xoOVlXUUhxZlFWdkRQc1lMN3MwVi1LUVA2VVJHd0VFMXpNb1EwamR1czlFTWN5WGYtaXlVdlVIQVNoa0NxVUR4WF9fcTNLQmpBZWdHMA?oc=5\" target=\"_blank\" rel=\"nofollow noopener\">Efter rej\u00e4la sn\u00f6fallet \u2013 d\u00e5 v\u00e4ntas n\u00e4sta sn\u00f6smocka: \u201dP\u00e5fyllning \u00f6verallt\u201d<\/a>&nbsp;&nbsp;VF<\/li>\n<li><a href=\"https:\/\/news.google.com\/rss\/articles\/CBMivAFBVV95cUxQVVIyTEhGY3Q1NmRBNEF5a3RVVkRwMzN0aER3ZW1VT0dCd1ZLWjFlZVQzOE5XMVZvYkRPTF9Fa2JUeTNncVdrOTJYemQ0M0pIQnNRdkJYUnNlS3hYZ3VwckRoY2t1WWUzLWh3dzR4UUNMcmxNVm0wNGgzNlZLSWRYTERadEZhX3oxby1Ccl9fbEt0T3dWVk5lX3FWNnB1aTEzQkJCLS1ZRFIyOC0yRS1ZZEljT0ZxUm4xN0tpag?oc=5\" target=\"_blank\" rel=\"nofollow noopener\">R\u00e4ddningstj\u00e4nstens uppmaning i sn\u00f6fallet: \u201dBeh\u00f6ver man verkligen ge sig ut i trafiken?\u201d<\/a>&nbsp;&nbsp;NWT<\/li>\n<li><a href=\"https:\/\/news.google.com\/rss\/articles\/CBMimAFBVV95cUxPSzRGamVqT3RFWHB6UmVCWGhmMDIwdEFIcU1TYWw4NVMyeUQtWGw3OG5nVjMxZkNIbUtlS2Q1ZWtKeHBVVXFmOFZQczNSLVh1UWFhRm9iSGkyOEgyT09ZczY5bmhPOTF0ZFlUdXo3Y2dpYVBoeVNfck1ib0gxWFQzMzhrUTdseVM2NHVHOUtaVHVpSzA3TGNhcA?oc=5\" target=\"_blank\" rel=\"nofollow noopener\">Chockstart f\u00f6r Daniel n\u00e4r sn\u00f6ov\u00e4dret slog till<\/a>&nbsp;&nbsp;Arvika Nyheter<\/li>\n<li><a href=\"https:\/\/news.google.com\/rss\/articles\/CBMinAFBVV95cUxOb2hNSG8zYTFKd1Z3RHJLUVdpT1JobEFEeUV4Qmd6cTZYWDJlVmJWVUlvaXAta1Baa1hESHEyOWYzbXJ0Qm1PNGlWUEllRm0zQ2tUdHloNk9JaXJSRmotRHUtZi1Xd0FiYS1uc01IR2kwMmhTSWtaTGs4a0k2S00zUHRjYU5JaXNEOUpscDEwNU9EZmpyRERKZjVPbmI?oc=5\" target=\"_blank\" rel=\"nofollow noopener\">SN\u00d6L\u00c4GET: Mer sn\u00f6 \u00e4n v\u00e4ntat \u2013 full styrka p\u00e5 sn\u00f6r\u00f6jningen<\/a>&nbsp;&nbsp;Filipstads Tidning<\/li>\n<\/ol>\n","protected":false},"excerpt":{"rendered":"NYA VARNINGEN: Efter helgens ov\u00e4der \u2013 mer sn\u00f6 p\u00e5 v\u00e4g&nbsp;&nbsp;NWT Efter rej\u00e4la sn\u00f6fallet \u2013 d\u00e5 v\u00e4ntas n\u00e4sta sn\u00f6smocka:&hellip;\n","protected":false},"author":2,"featured_media":125313,"comment_status":"","ping_status":"","sticky":false,"template":"","format":"standard","meta":{"footnotes":""},"categories":[12],"tags":[22,23,26,27,17,21,24,25,28,29,15,16,18,34,31,33,32,30,19,20],"class_list":{"0":"post-125312","1":"post","2":"type-post","3":"status-publish","4":"format-standard","5":"has-post-thumbnail","7":"category-sverige","8":"tag-breaking-news","9":"tag-breakingnews","10":"tag-featured-news","11":"tag-featurednews","12":"tag-headlines","13":"tag-huvudnyheter","14":"tag-latest-news","15":"tag-latestnews","16":"tag-main-news","17":"tag-mainnews","18":"tag-news","19":"tag-nyheter","20":"tag-rubriker","21":"tag-se","22":"tag-svenska","23":"tag-sverige","24":"tag-sweden","25":"tag-swedish","26":"tag-top-stories","27":"tag-topstories"},"share_on_mastodon":{"url":"https:\/\/pubeurope.com\/@se\/115837010332637550","error":""},"_links":{"self":[{"href":"https:\/\/www.europesays.com\/se\/wp-json\/wp\/v2\/posts\/125312","targetHints":{"allow":["GET"]}}],"collection":[{"href":"https:\/\/www.europesays.com\/se\/wp-json\/wp\/v2\/posts"}],"about":[{"href":"https:\/\/www.europesays.com\/se\/wp-json\/wp\/v2\/types\/post"}],"author":[{"embeddable":true,"href":"https:\/\/www.europesays.com\/se\/wp-json\/wp\/v2\/users\/2"}],"replies":[{"embeddable":true,"href":"https:\/\/www.europesays.com\/se\/wp-json\/wp\/v2\/comments?post=125312"}],"version-history":[{"count":0,"href":"https:\/\/www.europesays.com\/se\/wp-json\/wp\/v2\/posts\/125312\/revisions"}],"wp:featuredmedia":[{"embeddable":true,"href":"https:\/\/www.europesays.com\/se\/wp-json\/wp\/v2\/media\/125313"}],"wp:attachment":[{"href":"https:\/\/www.europesays.com\/se\/wp-json\/wp\/v2\/media?parent=125312"}],"wp:term":[{"taxonomy":"category","embeddable":true,"href":"https:\/\/www.europesays.com\/se\/wp-json\/wp\/v2\/categories?post=125312"},{"taxonomy":"post_tag","embeddable":true,"href":"https:\/\/www.europesays.com\/se\/wp-json\/wp\/v2\/tags?post=125312"}],"curies":[{"name":"wp","href":"https:\/\/api.w.org\/{rel}","templated":true}]}}