{"id":125314,"date":"2026-01-04T13:14:35","date_gmt":"2026-01-04T13:14:35","guid":{"rendered":"https:\/\/www.europesays.com\/se\/125314\/"},"modified":"2026-01-04T13:14:35","modified_gmt":"2026-01-04T13:14:35","slug":"trump-allierade-hotar-att-ta-over-gronland-efter-venezuela","status":"publish","type":"post","link":"https:\/\/www.europesays.com\/se\/125314\/","title":{"rendered":"Trump-allierade hotar att ta \u00f6ver Gr\u00f6nland efter Venezuela"},"content":{"rendered":"<p>Hustrun till en av Trumps viktigaste r\u00e5dgivare har delat en bild p\u00e5 Gr\u00f6nland f\u00e4rgat som en amerikansk flagga efter attacken mot Venezuela.<\/p>\n<p>Insatsen \u00e4r en varning till b\u00e5de \u00f6n och Danmark, menar <a href=\"https:\/\/ekstrabladet.dk\/nyheder\/krigogkatastrofer\/engell-om-venezuela-angreb-en-meget-klar-advarsel-til-groenland-og-danmark\/11054946\" rel=\"nofollow noopener\" target=\"_blank\">Ekstra Bladets<\/a> politiske kommentator Hans Engell:<\/p>\n<p>\u2013 Man ska inte underskatta Trump, s\u00e4ger han till tidningen.<\/p>\n<p><img   alt=\"\"\/><\/p>\n<p>USA:s president Donald Trump vid presstr\u00e4ffen om insatsen mot Venezuela.<\/p>\n<p>Foto: POOL \/ STELLA PICTURES<\/p>\n<p>\u00d6ppna bild i helsk\u00e4rm<img loading=\"lazy\"   alt=\"\"\/><\/p>\n<p>Bilden Katie Miller lade upp p\u00e5 X.<\/p>\n<p>Foto: X<\/p>\n<p>\u00d6ppna bild i helsk\u00e4rmArtikeln i korthet:<\/p>\n<p> USA har gripit Venezuelas president Nicol\u00e1s Maduro i en nattlig r\u00e4d.<\/p>\n<p> Minst 40 personer d\u00f6dades i attacken, enligt venezuelanska tj\u00e4nstem\u00e4n.<\/p>\n<p> Katie Miller, gift med Trumps r\u00e5dgivare, delade en bild p\u00e5 Gr\u00f6nland i amerikanska flaggans f\u00e4rger efter insatsen.<\/p>\n<p> Attacken ses som en varning till b\u00e5de Gr\u00f6nland och Danmark, enligt Ekstra Bladets politiske kommentator.<\/p>\n<p>Visa mer<\/p>\n<p>Gr\u00f6nland insvept i det amerikanska stj\u00e4rnbaneret med texten \u201dsnart\u201d. X-inl\u00e4gget var <a href=\"https:\/\/www.expressen.se\/nyheter\/varlden\/nya-hotet-mot--gronland-fran--trumps-led\/\" rel=\"nofollow noopener\" target=\"_blank\">Katie Millers reaktion<\/a> p\u00e5 den amerikanska attacken mot Venezuela och tillf\u00e5ngatagandet av landets president Nicol\u00e1s Maduro.<\/p>\n<p>Minst 40 personer d\u00f6dades i l\u00f6rdagens nattliga r\u00e4d, n\u00e4r USA utf\u00f6rde angrepp mot flera olika m\u00e5l i landet, uppger venezuelanska tj\u00e4nstem\u00e4n f\u00f6r <a href=\"https:\/\/www.nytimes.com\/2026\/01\/03\/world\/americas\/venezuela-airstrike-civilian-deaths.html\" rel=\"nofollow noopener\" target=\"_blank\">The New York Times<\/a>.<\/p>\n<p>\u2013 Enligt min mening \u00e4r detta en mycket tydlig varning till b\u00e5de <a href=\"https:\/\/www.expressen.se\/tagg\/location\/gronland\/\" class=\"\" rel=\"nofollow noopener\" target=\"_blank\">Gr\u00f6nland<\/a> och Danmark, s\u00e4ger Ekstra Bladets politiske kommentator Hans Engell till den egna tidningen.<\/p>\n<p>Katie Miller driver i dag ett konservativt medieprojekt riktat till Maga-r\u00f6relsen. Hon har tidigare arbetat som Donald Trumps vice pressekreterare och \u00e4r gift med en av Vita husets mest inflytelserika r\u00e5dgivare \u2013 presidentens bitr\u00e4dande stabschef Stephen Miller.<\/p>\n<p>Trumps motivering: Stulit amerikansk olja<\/p>\n<p>Trump motiverade attacken med att Venezuelas regering \u00e4r inblandad i narkotikasmugglingen till USA och h\u00e4vdar att de \u201dstulit\u201d amerikansk olja. Landet har v\u00e4rldens st\u00f6rsta oljereserver, som till stor del kommer att styras av amerikanska f\u00f6retag fram\u00f6ver, meddelade Trump p\u00e5 l\u00f6rdagen.<\/p>\n<p>\u2013 Det \u00e4r f\u00f6rst\u00e5s stor skillnad mellan Gr\u00f6nland och Venezuela, och naturligtvis spelar olje- och narkotikahandel en betydande roll, s\u00e4ger Hans Engell.<\/p>\n<p>Venezuelas oljeexport har i praktiken stannat av efter angreppet och inga fartyg f\u00e5r gr\u00f6nt ljus att l\u00e4mna hamn, uppger k\u00e4llor f\u00f6r <a href=\"https:\/\/www.reuters.com\/business\/energy\/venezuelas-oil-exports-paralyzed-amid-political-turmoil-sources-say-2026-01-03\/\" rel=\"nofollow noopener\" target=\"_blank\">Reuters<\/a>.<\/p>\n<p>Insatsen mot Maduros regim \u00e4r ocks\u00e5 en del av Trumps nya nationella s\u00e4kerhetsstrategi, som \u00e5terupplivat den 200 \u00e5r gamla Monroedoktrinen. Den inneb\u00e4r att USA anser sig ha r\u00e4tt att stoppa andra stormakter fr\u00e5n att f\u00e5 milit\u00e4rt, politiskt eller ekonomiskt inflytande i v\u00e4stra hemisf\u00e4ren.<\/p>\n<p>\u2013 USA anser att b\u00e5de Venezuela och Gr\u00f6nland \u00e4r en del av doktrinen, och de anser att Arktis \u00e4r ett viktigt amerikanskt s\u00e4kerhetsintresse, och det b\u00f6r beaktas, s\u00e4ger Engell.<\/p>\n<p>Statsministerns svar: F\u00f6ljer utvecklingen<\/p>\n<p>Den danska ambassad\u00f6ren i USA, Jesper M\u00f8ller S\u00f8rensen, har svarat p\u00e5 Katie Millers inl\u00e4gg i ett eget X-inl\u00e4gg:<\/p>\n<p>\u201dBara en v\u00e4nlig p\u00e5minnelse om relationen mellan USA och Konungariket Danmark: Vi \u00e4r n\u00e4ra allierade och b\u00f6r forts\u00e4tta att arbeta tillsammans som det. USA:s s\u00e4kerhet \u00e4r ocks\u00e5 Gr\u00f6nlands och Danmarks s\u00e4kerhet.\u201d<\/p>\n<p>Danmarks statsminister Mette Frederiksen skrev i ett uttalande i g\u00e5r att landets regering f\u00f6ljer utvecklingen i Venezuela noga, att de vill se en nedtrappning och att internationell r\u00e4tt m\u00e5ste respekteras.<\/p>\n<p>Engell s\u00e4ger till Ekstra Bladet att han f\u00f6rst\u00e5r statsministerns reaktion, men att Danmarks regering borde ta situationen p\u00e5 st\u00f6rre allvar.<\/p>\n<p>\u2013 Om man nonchalerar det h\u00e4r, underskattar man Trumps beslutsamhet \u2013 och man ska inte underskatta Trump, s\u00e4ger han.<\/p>\n<p><strong>L\u00c4S MER: <\/strong><a href=\"https:\/\/www.expressen.se\/nyheter\/varlden\/konflikten-mellan-usa-och-venezuela-det-vet-vi\/\" class=\"\" rel=\"nofollow noopener\" target=\"_blank\">Konflikten mellan USA och Venezuela \u2013 det vet vi<\/a><strong>L\u00c4S MER: <\/strong><a href=\"https:\/\/www.expressen.se\/nyheter\/varlden\/elitstyrkan-ovade-i-kopia-av-maduros-sakerhetsrum\/\" class=\"\" rel=\"nofollow noopener\" target=\"_blank\">Elitstyrkan \u00f6vade i kopia av Maduros s\u00e4kerhetsrum<\/a><\/p>\n","protected":false},"excerpt":{"rendered":"Hustrun till en av Trumps viktigaste r\u00e5dgivare har delat en bild p\u00e5 Gr\u00f6nland f\u00e4rgat som en amerikansk flagga&hellip;\n","protected":false},"author":2,"featured_media":125315,"comment_status":"","ping_status":"","sticky":false,"template":"","format":"standard","meta":{"footnotes":""},"categories":[5],"tags":[22,23,26,27,17,21,24,25,2034,45,3819,28,29,15,13083,16,198,18,34,55,31,33,32,30,19,20],"class_list":{"0":"post-125314","1":"post","2":"type-post","3":"status-publish","4":"format-standard","5":"has-post-thumbnail","7":"category-rubriker","8":"tag-breaking-news","9":"tag-breakingnews","10":"tag-featured-news","11":"tag-featurednews","12":"tag-headlines","13":"tag-huvudnyheter","14":"tag-latest-news","15":"tag-latestnews","16":"tag-location-gronland","17":"tag-location-usa","18":"tag-location-venezuela","19":"tag-main-news","20":"tag-mainnews","21":"tag-news","22":"tag-newsstory-konflikten-mellan-usa-och-venezuela","23":"tag-nyheter","24":"tag-person-donald-trump","25":"tag-rubriker","26":"tag-se","27":"tag-sections-varlden","28":"tag-svenska","29":"tag-sverige","30":"tag-sweden","31":"tag-swedish","32":"tag-top-stories","33":"tag-topstories"},"share_on_mastodon":{"url":"https:\/\/pubeurope.com\/@se\/115837014094605731","error":""},"_links":{"self":[{"href":"https:\/\/www.europesays.com\/se\/wp-json\/wp\/v2\/posts\/125314","targetHints":{"allow":["GET"]}}],"collection":[{"href":"https:\/\/www.europesays.com\/se\/wp-json\/wp\/v2\/posts"}],"about":[{"href":"https:\/\/www.europesays.com\/se\/wp-json\/wp\/v2\/types\/post"}],"author":[{"embeddable":true,"href":"https:\/\/www.europesays.com\/se\/wp-json\/wp\/v2\/users\/2"}],"replies":[{"embeddable":true,"href":"https:\/\/www.europesays.com\/se\/wp-json\/wp\/v2\/comments?post=125314"}],"version-history":[{"count":0,"href":"https:\/\/www.europesays.com\/se\/wp-json\/wp\/v2\/posts\/125314\/revisions"}],"wp:featuredmedia":[{"embeddable":true,"href":"https:\/\/www.europesays.com\/se\/wp-json\/wp\/v2\/media\/125315"}],"wp:attachment":[{"href":"https:\/\/www.europesays.com\/se\/wp-json\/wp\/v2\/media?parent=125314"}],"wp:term":[{"taxonomy":"category","embeddable":true,"href":"https:\/\/www.europesays.com\/se\/wp-json\/wp\/v2\/categories?post=125314"},{"taxonomy":"post_tag","embeddable":true,"href":"https:\/\/www.europesays.com\/se\/wp-json\/wp\/v2\/tags?post=125314"}],"curies":[{"name":"wp","href":"https:\/\/api.w.org\/{rel}","templated":true}]}}