{"id":125318,"date":"2026-01-04T13:18:13","date_gmt":"2026-01-04T13:18:13","guid":{"rendered":"https:\/\/www.europesays.com\/se\/125318\/"},"modified":"2026-01-04T13:18:13","modified_gmt":"2026-01-04T13:18:13","slug":"ces-2026-samsung-lanserar-the-freestyle","status":"publish","type":"post","link":"https:\/\/www.europesays.com\/se\/125318\/","title":{"rendered":"CES 2026: Samsung lanserar The Freestyle+"},"content":{"rendered":"<p class=\"first_para\">Samsung tjuvstartade CES 2026 med att presentera <strong>The Freestyle+<\/strong>, en ny tredje generation av f\u00f6retagets popul\u00e4ra b\u00e4rbara projektor. Den nya \u201dplus-versionen\u201d erbjuder h\u00f6gre ljusstyrka, smartare AI-baserad bildoptimering och flera nya underh\u00e5llningsfunktioner \u2013 allt i en kompakt och praktisk design.<\/p>\n<p>The Freestyle+ kommer att visas p\u00e5 CES-m\u00e4ssan i Las Vegas i januari, och vi f\u00f6rv\u00e4ntar oss att se den i Norden under f\u00f6rsta halv\u00e5ret 2026. Samsung visade en \u201dAI-version\u201d av Freestyle p\u00e5 CES f\u00f6r exakt ett \u00e5r sedan, och nu har den blivit verklighet som en f\u00e4rdig modell.<\/p>\n<p>Mer ljus \u2013 och mindre kr\u00e5ngel<\/p>\n<p>Den mest efterl\u00e4ngtade nya funktionen p\u00e5 \u00e5rets modell \u00e4r \u00f6kad ljusstyrka. Freestyle+ levererar 430 ISO-lumen, en \u00f6kning fr\u00e5n 230 ISO-lumen p\u00e5 f\u00f6reg\u00e5ngaren. Ljusstyrkan har varit en av de st\u00f6rsta begr\u00e4nsningarna f\u00f6r den nuvarande generationen, och mer ljus kommer s\u00e4kerligen att g\u00f6ra projektorn b\u00e4ttre l\u00e4mpad f\u00f6r anv\u00e4ndning i vanliga vardagsrum och rum d\u00e4r ljusregleringen inte \u00e4r optimal. Uppl\u00f6sningen \u00e4r fortfarande Full HD (1080P).<\/p>\n<p><a href=\"https:\/\/www.europesays.com\/se\/wp-content\/uploads\/2026\/01\/\uc0bc\uc131\uc804\uc790-\ub514\uc2a4\ud50c\ub808\uc774-CES-2026-AI-\ud3ec\ud130\ube14-\ud504\ub85c\uc81d\ud130-\ub354-\ud504\ub9ac\uc2a4\ud0c0\uc77c-2.jpg\" target=\"_blank\" rel=\"noopener\" data-slb-active=\"1\" data-slb-asset=\"1505709447\" data-slb-group=\"slb\"><img fetchpriority=\"high\" decoding=\"async\" class=\"wp-image-537700 size-full\" src=\"https:\/\/www.europesays.com\/se\/wp-content\/uploads\/2026\/01\/\uc0bc\uc131\uc804\uc790-\ub514\uc2a4\ud50c\ub808\uc774-CES-2026-AI-\ud3ec\ud130\ube14-\ud504\ub85c\uc81d\ud130-\ub354-\ud504\ub9ac\uc2a4\ud0c0\uc77c-2.jpg\" alt=\"\uc0bc\uc131\uc804\uc790 \ub514\uc2a4\ud50c\ub808\uc774 CES 2026 AI \ud3ec\ud130\ube14 \ud504\ub85c\uc81d\ud130 \ub354 \ud504\ub9ac\uc2a4\ud0c0\uc77c 2\" width=\"1000\" height=\"750\" title=\"CES 2026: Samsung lanserar The Freestyle+ 1\"\/><\/a>Den nya Freestyle+-projektorn i aktion: Vi antar att bilden har redigerats i Photoshop, eftersom det skulle vara sv\u00e5rt att uppn\u00e5 s\u00e5 bra svartniv\u00e5 fr\u00e5n en projektor i ett ljust rum\u2026 (Foto: Samsung)<\/p>\n<p>Dessutom introducerar Samsung AI OptiScreen, en uppgraderad serie funktioner f\u00f6r automatisk sk\u00e4rmanpassning. Det som \u00e4r s\u00e5 bra med Freestyle \u00e4r att bilden enkelt kan projiceras p\u00e5 olika ytor, och Freestyle+ f\u00e5r fler funktioner som ska g\u00f6ra installationen \u00e4nnu snabbare och smidigare:<\/p>\n<ul>\n<li>3D Auto Keystone korrigerar f\u00f6rvr\u00e4ngning, \u00e4ven p\u00e5 oj\u00e4mna ytor<\/li>\n<li>Real-time Focus justerar kontinuerligt fokus n\u00e4r projektorn flyttas<\/li>\n<li>Screen Fit justerar automatiskt bilden till en kompatibel duk<\/li>\n<li>Wall Calibration analyserar v\u00e4ggens f\u00e4rg och struktur f\u00f6r att minska f\u00e4rgstick och visuella st\u00f6rningar<\/li>\n<\/ul>\n<p>Dessa funktioner ska s\u00e4kerst\u00e4lla en skarp bild med korrekt geometri, n\u00e4stan oavsett var och hur projektorn placeras. Vi ser fram emot att testa hur v\u00e4l det fungerar i praktiken och hoppas f\u00e5 en n\u00e4rmare demonstration p\u00e5 CES.<\/p>\n<p>L\u00e4s ocks\u00e5<\/p>\n<p><a style=\"text-decoration:none;font-size:21px;font-family:outfit;font-weight:600;color:#000;display:inline-block;width:100%;margin-bottom:10px;\" href=\"https:\/\/www.ljudochbild.se\/test\/hemmabio\/samsung-the-freestyle-2nd-gen\/\" rel=\"nofollow noopener\" target=\"_blank\">TEST: Samsung The Freestyle 2nd Gen<\/a><\/p>\n<p>Med den nya versionen av miniprojektorn Samsung The Freestyle kan du f\u00e5 en stor bild p\u00e5 v\u00e4ggen \u2013 snabbt, enkelt och relativt billigt.<\/p>\n<p>AI och smart-TV p\u00e5 spr\u00e5ng<\/p>\n<p>Freestyle+ har ocks\u00e5 n\u00e5gra nya AI-f\u00f6rb\u00e4ttringar i form av Samsungs Vision AI Companion, som kombinerar f\u00f6rb\u00e4ttrad Bixby-r\u00f6ststyrning med AI-tj\u00e4nster fr\u00e5n externa partners. Plattformen \u00e4r utformad f\u00f6r att ge mer naturlig r\u00f6ststyrning och smartare inneh\u00e5llsrekommendationer baserade p\u00e5 dina preferenser.<\/p>\n<p>Liksom sin f\u00f6reg\u00e5ngare har projektorn tillg\u00e5ng till Samsung TV Plus, streamingtj\u00e4nster och Samsung Gaming Hub, som g\u00f6r att du kan spela via molntj\u00e4nster utan konsol, med endast en handkontroll.<\/p>\n<p>N\u00e4r det g\u00e4ller designen beh\u00e5ller Freestyle+ samma cylindriska form som sin f\u00f6reg\u00e5ngare, med 180 graders rotation som g\u00f6r att den kan projicera p\u00e5 v\u00e4ggar, golv eller tak.<\/p>\n<p>N\u00e4r det g\u00e4ller ljud \u00e4r projektorn utrustad med en inbyggd fullregisterh\u00f6gtalare och st\u00f6der \u00e4ven Q Symphony f\u00f6r synkronisering med kompatibla Samsung-soundbars.<\/p>\n<p>Visas p\u00e5 CES \u2013 lanseras senare i \u00e5r<br \/>\n<a href=\"https:\/\/www.europesays.com\/se\/wp-content\/uploads\/2026\/01\/\uc0bc\uc131\uc804\uc790-\uae30\uc5c5\ub274\uc2a4-CES-2026-\uc0bc\uc131\uc804\uc790-\uc625\uc678\uad11\uace0-1.jpg\" target=\"_blank\" rel=\"noopener\" data-slb-active=\"1\" data-slb-asset=\"76471070\" data-slb-group=\"slb\"><img loading=\"lazy\" decoding=\"async\" class=\"size-full wp-image-537701\" src=\"https:\/\/www.europesays.com\/se\/wp-content\/uploads\/2026\/01\/\uc0bc\uc131\uc804\uc790-\uae30\uc5c5\ub274\uc2a4-CES-2026-\uc0bc\uc131\uc804\uc790-\uc625\uc678\uad11\uace0-1.jpg\" alt=\"\uc0bc\uc131\uc804\uc790 \uae30\uc5c5\ub274\uc2a4 CES 2026 \uc0bc\uc131\uc804\uc790 \uc625\uc678\uad11\uace0 1\" width=\"1000\" height=\"682\" title=\"CES 2026: Samsung lanserar The Freestyle+ 2\"\/><\/a>The First Look i Las Vegas (Foto: Samsung)<\/p>\n<p>Samsung kommer att visa upp The Freestyle+ p\u00e5 CES 2026, som h\u00e5lls i Las Vegas den 6-9 januari. Vi f\u00f6rv\u00e4ntar oss att f\u00e5 en glimt av projektorn p\u00e5 The First Look-evenemanget p\u00e5 s\u00f6ndagskv\u00e4llen lokal tid. En global lansering \u00e4r planerad till f\u00f6rsta halv\u00e5ret 2026, men priset i Norden \u00e4r \u00e4nnu inte bekr\u00e4ftat.<\/p>\n<p>    <a href=\"https:\/\/www.ljudochbild.se\/author\/audun-hage\/\" rel=\"nofollow noopener\" target=\"_blank\"><br \/>\n        <img decoding=\"async\" style=\"border-radius:50px;width:90px;\" alt=\"Audun Hage\" src=\"https:\/\/www.europesays.com\/se\/wp-content\/uploads\/2025\/08\/audun_h.jpg\"\/> <\/a>   <\/p>\n<p>\n(f. 1981): Journalist. Audun anst\u00e4lldes som journalist p\u00e5 Ljud &amp; Bild 2004 och har spelat en aktiv roll i utvecklingen av L&amp;B som tidning och webbplats. Audun \u00e4r extremt kvalitetsmedveten och k\u00e4nd f\u00f6r sina kr\u00e4sna \u00f6ron och skarpa \u00f6gon. Han ansvarar f\u00f6r Ljud &amp; Bilds TV-tester.\n<\/p>\n<p>    <a href=\"https:\/\/www.ljudochbild.se\/arets-basta-home-produkter-2025-2026\/\" rel=\"nofollow noopener\" target=\"_blank\"> <img decoding=\"async\" src=\"https:\/\/www.europesays.com\/se\/wp-content\/uploads\/2025\/11\/Svensk-Home-1.png\"\/><\/a><\/p>\n","protected":false},"excerpt":{"rendered":"Samsung tjuvstartade CES 2026 med att presentera The Freestyle+, en ny tredje generation av f\u00f6retagets popul\u00e4ra b\u00e4rbara projektor.&hellip;\n","protected":false},"author":2,"featured_media":125319,"comment_status":"","ping_status":"","sticky":false,"template":"","format":"standard","meta":{"footnotes":""},"categories":[66],"tags":[80,78,79,34,31,33,32,30,81,84,83,82],"class_list":{"0":"post-125318","1":"post","2":"type-post","3":"status-publish","4":"format-standard","5":"has-post-thumbnail","7":"category-vetenskap-och-teknik","8":"tag-science","9":"tag-science-and-technology","10":"tag-scienceandtechnology","11":"tag-se","12":"tag-svenska","13":"tag-sverige","14":"tag-sweden","15":"tag-swedish","16":"tag-technology","17":"tag-teknik","18":"tag-vetenskap","19":"tag-vetenskapteknik"},"share_on_mastodon":{"url":"https:\/\/pubeurope.com\/@se\/115837029995925413","error":""},"_links":{"self":[{"href":"https:\/\/www.europesays.com\/se\/wp-json\/wp\/v2\/posts\/125318","targetHints":{"allow":["GET"]}}],"collection":[{"href":"https:\/\/www.europesays.com\/se\/wp-json\/wp\/v2\/posts"}],"about":[{"href":"https:\/\/www.europesays.com\/se\/wp-json\/wp\/v2\/types\/post"}],"author":[{"embeddable":true,"href":"https:\/\/www.europesays.com\/se\/wp-json\/wp\/v2\/users\/2"}],"replies":[{"embeddable":true,"href":"https:\/\/www.europesays.com\/se\/wp-json\/wp\/v2\/comments?post=125318"}],"version-history":[{"count":0,"href":"https:\/\/www.europesays.com\/se\/wp-json\/wp\/v2\/posts\/125318\/revisions"}],"wp:featuredmedia":[{"embeddable":true,"href":"https:\/\/www.europesays.com\/se\/wp-json\/wp\/v2\/media\/125319"}],"wp:attachment":[{"href":"https:\/\/www.europesays.com\/se\/wp-json\/wp\/v2\/media?parent=125318"}],"wp:term":[{"taxonomy":"category","embeddable":true,"href":"https:\/\/www.europesays.com\/se\/wp-json\/wp\/v2\/categories?post=125318"},{"taxonomy":"post_tag","embeddable":true,"href":"https:\/\/www.europesays.com\/se\/wp-json\/wp\/v2\/tags?post=125318"}],"curies":[{"name":"wp","href":"https:\/\/api.w.org\/{rel}","templated":true}]}}