{"id":12532,"date":"2025-08-24T14:28:09","date_gmt":"2025-08-24T14:28:09","guid":{"rendered":"https:\/\/www.europesays.com\/se\/12532\/"},"modified":"2025-08-24T14:28:09","modified_gmt":"2025-08-24T14:28:09","slug":"svensk-dubbelseger-i-finnkampen","status":"publish","type":"post","link":"https:\/\/www.europesays.com\/se\/12532\/","title":{"rendered":"Svensk dubbelseger i Finnkampen"},"content":{"rendered":"<p>Sverige vinner Finnkampen p\u00e5 b\u00e5de dam- och herrsidan. Det svenska laget tar d\u00e4rmed revansch p\u00e5 Finland som vann f\u00f6rra \u00e5ret. <\/p>\n<p>B\u00e5de damerna och herrarna vann med god marginal. <\/p>\n<p>I \u00e5r firade Finnkampen 100 \u00e5r. T\u00e4vlingarna avgjordes p\u00e5 Stockholms stadion i huvudstaden. <\/p>\n<p>Omni \u00e4r politiskt obundna och oberoende. Vi str\u00e4var efter att ge fler perspektiv p\u00e5 nyheterna. Har du fr\u00e5gor eller synpunkter kring v\u00e5r rapportering? <a href=\"https:\/\/omni.se\/svensk-dubbelseger-i-finnkampen\/a\/mailto:redaktion@omni.se\" class=\"ArticleActions_contactLink__W2F1M\" rel=\"nofollow noopener\" target=\"_blank\">Kontakta redaktionen<\/a><\/p>\n","protected":false},"excerpt":{"rendered":"Sverige vinner Finnkampen p\u00e5 b\u00e5de dam- och herrsidan. Det svenska laget tar d\u00e4rmed revansch p\u00e5 Finland som vann&hellip;\n","protected":false},"author":2,"featured_media":12533,"comment_status":"","ping_status":"","sticky":false,"template":"","format":"standard","meta":{"footnotes":""},"categories":[68],"tags":[1655,1364,34,111,110,31,33,32,30],"class_list":{"0":"post-12532","1":"post","2":"type-post","3":"status-publish","4":"format-standard","5":"has-post-thumbnail","7":"category-sport","8":"tag-finnkampen","9":"tag-friidrott","10":"tag-se","11":"tag-sport","12":"tag-sports","13":"tag-svenska","14":"tag-sverige","15":"tag-sweden","16":"tag-swedish"},"share_on_mastodon":{"url":"","error":""},"_links":{"self":[{"href":"https:\/\/www.europesays.com\/se\/wp-json\/wp\/v2\/posts\/12532","targetHints":{"allow":["GET"]}}],"collection":[{"href":"https:\/\/www.europesays.com\/se\/wp-json\/wp\/v2\/posts"}],"about":[{"href":"https:\/\/www.europesays.com\/se\/wp-json\/wp\/v2\/types\/post"}],"author":[{"embeddable":true,"href":"https:\/\/www.europesays.com\/se\/wp-json\/wp\/v2\/users\/2"}],"replies":[{"embeddable":true,"href":"https:\/\/www.europesays.com\/se\/wp-json\/wp\/v2\/comments?post=12532"}],"version-history":[{"count":0,"href":"https:\/\/www.europesays.com\/se\/wp-json\/wp\/v2\/posts\/12532\/revisions"}],"wp:featuredmedia":[{"embeddable":true,"href":"https:\/\/www.europesays.com\/se\/wp-json\/wp\/v2\/media\/12533"}],"wp:attachment":[{"href":"https:\/\/www.europesays.com\/se\/wp-json\/wp\/v2\/media?parent=12532"}],"wp:term":[{"taxonomy":"category","embeddable":true,"href":"https:\/\/www.europesays.com\/se\/wp-json\/wp\/v2\/categories?post=12532"},{"taxonomy":"post_tag","embeddable":true,"href":"https:\/\/www.europesays.com\/se\/wp-json\/wp\/v2\/tags?post=12532"}],"curies":[{"name":"wp","href":"https:\/\/api.w.org\/{rel}","templated":true}]}}