{"id":125330,"date":"2026-01-04T13:29:09","date_gmt":"2026-01-04T13:29:09","guid":{"rendered":"https:\/\/www.europesays.com\/se\/125330\/"},"modified":"2026-01-04T13:29:09","modified_gmt":"2026-01-04T13:29:09","slug":"smhi-varnar-for-mer-sno-pa-mandag","status":"publish","type":"post","link":"https:\/\/www.europesays.com\/se\/125330\/","title":{"rendered":"SMHI varnar f\u00f6r mer sn\u00f6 p\u00e5 m\u00e5ndag"},"content":{"rendered":"<p>SMHI varnar f\u00f6r kraftigt sn\u00f6fall p\u00e5 s\u00f6ndagen, med uppemot 15 centimeter sn\u00f6 \u00f6ver Kalmar och norra \u00d6land. <\/p>\n<p>Den gula varningen f\u00f6r Kalmar g\u00e4ller fram till klockan 18 p\u00e5 s\u00f6ndagen medan varningen f\u00f6r \u00d6land str\u00e4cker sig fram till klockan 10 p\u00e5 m\u00e5ndagsmorgonen.<\/p>\n<p> F\u00f6r m\u00e5ndagen har ytterligare sn\u00f6falls-varningar utf\u00e4rdats. De g\u00e4ller Blek-inge, nord\u00f6stra Sk\u00e5ne, delar av Sm\u00e5land, Halland och V\u00e4sterg\u00f6tland samt Gotland och s\u00f6dra \u00d6land. <\/p>\n<p>Anledningen \u00e4r ett omr\u00e5de med sn\u00f6fall som f\u00f6rst\u00e4rkts \u00f6ver G\u00f6taland. Varningen g\u00e4ller mellan klockan 02 och 14. <\/p>\n","protected":false},"excerpt":{"rendered":"SMHI varnar f\u00f6r kraftigt sn\u00f6fall p\u00e5 s\u00f6ndagen, med uppemot 15 centimeter sn\u00f6 \u00f6ver Kalmar och norra \u00d6land. Den&hellip;\n","protected":false},"author":2,"featured_media":793,"comment_status":"","ping_status":"","sticky":false,"template":"","format":"standard","meta":{"footnotes":""},"categories":[12],"tags":[22,23,26,27,17,21,24,25,28,29,15,16,18,34,31,33,32,30,19,20],"class_list":{"0":"post-125330","1":"post","2":"type-post","3":"status-publish","4":"format-standard","5":"has-post-thumbnail","7":"category-sverige","8":"tag-breaking-news","9":"tag-breakingnews","10":"tag-featured-news","11":"tag-featurednews","12":"tag-headlines","13":"tag-huvudnyheter","14":"tag-latest-news","15":"tag-latestnews","16":"tag-main-news","17":"tag-mainnews","18":"tag-news","19":"tag-nyheter","20":"tag-rubriker","21":"tag-se","22":"tag-svenska","23":"tag-sverige","24":"tag-sweden","25":"tag-swedish","26":"tag-top-stories","27":"tag-topstories"},"share_on_mastodon":{"url":"https:\/\/pubeurope.com\/@se\/115837073000551446","error":""},"_links":{"self":[{"href":"https:\/\/www.europesays.com\/se\/wp-json\/wp\/v2\/posts\/125330","targetHints":{"allow":["GET"]}}],"collection":[{"href":"https:\/\/www.europesays.com\/se\/wp-json\/wp\/v2\/posts"}],"about":[{"href":"https:\/\/www.europesays.com\/se\/wp-json\/wp\/v2\/types\/post"}],"author":[{"embeddable":true,"href":"https:\/\/www.europesays.com\/se\/wp-json\/wp\/v2\/users\/2"}],"replies":[{"embeddable":true,"href":"https:\/\/www.europesays.com\/se\/wp-json\/wp\/v2\/comments?post=125330"}],"version-history":[{"count":0,"href":"https:\/\/www.europesays.com\/se\/wp-json\/wp\/v2\/posts\/125330\/revisions"}],"wp:featuredmedia":[{"embeddable":true,"href":"https:\/\/www.europesays.com\/se\/wp-json\/wp\/v2\/media\/793"}],"wp:attachment":[{"href":"https:\/\/www.europesays.com\/se\/wp-json\/wp\/v2\/media?parent=125330"}],"wp:term":[{"taxonomy":"category","embeddable":true,"href":"https:\/\/www.europesays.com\/se\/wp-json\/wp\/v2\/categories?post=125330"},{"taxonomy":"post_tag","embeddable":true,"href":"https:\/\/www.europesays.com\/se\/wp-json\/wp\/v2\/tags?post=125330"}],"curies":[{"name":"wp","href":"https:\/\/api.w.org\/{rel}","templated":true}]}}