{"id":125335,"date":"2026-01-04T13:35:13","date_gmt":"2026-01-04T13:35:13","guid":{"rendered":"https:\/\/www.europesays.com\/se\/125335\/"},"modified":"2026-01-04T13:35:13","modified_gmt":"2026-01-04T13:35:13","slug":"grok-ber-inte-om-ursakt-for-barnporr-och-kan-inte-heller-gora-det","status":"publish","type":"post","link":"https:\/\/www.europesays.com\/se\/125335\/","title":{"rendered":"Grok ber inte om urs\u00e4kt f\u00f6r barnporr \u2013 och kan inte heller g\u00f6ra det"},"content":{"rendered":"<p>En l\u00e5ng rad medier, d\u00e4ribland nyhetsbyr\u00e5n Reuters, har rapporterat om att Elon Musks AI-chatbott Grok \u201dbett om urs\u00e4kt\u201d efter att ha genererat barnpornografiskt material p\u00e5 uppmaning av sina anv\u00e4ndare. Men det st\u00e4mmer inte, skriver Kyle Orland i en kommentar i Ars Technica. <\/p>\n<p>Grok har visserligen skrivit en urs\u00e4kt efter att ha uppmanats g\u00f6ra det av flera anv\u00e4ndare. Men andra anv\u00e4ndare har bett Grok skriva till exempel en \u201dst\u00f6ddig icke-urs\u00e4kt\u201d, och d\u00e5 har Grok \u00e4ven levererat det. <\/p>\n<p>De anv\u00e4ndare och medier som tolkat det som att Grok gett uttryck f\u00f6r \u00e5nger har helt missuppfattat hur tekniken fungerar, enligt Orland.<\/p>\n<p>\u201dSpr\u00e5kmodeller som Grok \u00e4r otroligt op\u00e5litliga k\u00e4llor, som skapar en serie ord som bygger mer p\u00e5 att ge fr\u00e5gest\u00e4llaren vad den vill ha \u00e4n n\u00e5got som ens liknar m\u00e4nskligt t\u00e4nkande.\u201d<\/p>\n<p>I Defector skriver Albert Burneko att det \u00e4r praktiskt b\u00e5de f\u00f6r Reuters och Elon Musk att l\u00e5tsas att Grok \u00e4r en person och kan citeras som en s\u00e5dan, men att Grok i sj\u00e4lva verket bara \u00e4r \u201dproduktnamnet f\u00f6r n\u00e5gra rader kod\u201d. <\/p>\n<p>\u201dS\u00e5 vem ska st\u00e5 till svars f\u00f6r detta? Vem \u00e5ker i f\u00e4ngelse?\u201d fr\u00e5gar sig Burneko och svarar sj\u00e4lv att det kanske borde vara Elon Musk, men att allt tyder p\u00e5 att det blir ingen alls.<\/p>\n<p>Omni \u00e4r politiskt obundna och oberoende. Vi str\u00e4var efter att ge fler perspektiv p\u00e5 nyheterna. Har du fr\u00e5gor eller synpunkter kring v\u00e5r rapportering? <a href=\"https:\/\/omni.se\/kronikor-grok-ber-inte-om-ursakt-for-barnporr-och-kan-inte-heller-gora-det\/a\/mailto:redaktion@omni.se\" class=\"ArticleActions_contactLink__W2F1M\" rel=\"nofollow noopener\" target=\"_blank\">Kontakta redaktionen<\/a><\/p>\n","protected":false},"excerpt":{"rendered":"En l\u00e5ng rad medier, d\u00e4ribland nyhetsbyr\u00e5n Reuters, har rapporterat om att Elon Musks AI-chatbott Grok \u201dbett om urs\u00e4kt\u201d&hellip;\n","protected":false},"author":2,"featured_media":125336,"comment_status":"","ping_status":"","sticky":false,"template":"","format":"standard","meta":{"footnotes":""},"categories":[65],"tags":[1047,466,72,333,70,71,704,334,732,268,34,31,33,32,30,74],"class_list":{"0":"post-125335","1":"post","2":"type-post","3":"status-publish","4":"format-standard","5":"has-post-thumbnail","7":"category-ekonomi","8":"tag-analys","9":"tag-artificiell-intelligens","10":"tag-business","11":"tag-data","12":"tag-economy","13":"tag-ekonomi","14":"tag-elon-musk","15":"tag-it-hogteknologi","16":"tag-media-reklam","17":"tag-nordamerika","18":"tag-se","19":"tag-svenska","20":"tag-sverige","21":"tag-sweden","22":"tag-swedish","23":"tag-usa"},"share_on_mastodon":{"url":"https:\/\/pubeurope.com\/@se\/115837096598466571","error":""},"_links":{"self":[{"href":"https:\/\/www.europesays.com\/se\/wp-json\/wp\/v2\/posts\/125335","targetHints":{"allow":["GET"]}}],"collection":[{"href":"https:\/\/www.europesays.com\/se\/wp-json\/wp\/v2\/posts"}],"about":[{"href":"https:\/\/www.europesays.com\/se\/wp-json\/wp\/v2\/types\/post"}],"author":[{"embeddable":true,"href":"https:\/\/www.europesays.com\/se\/wp-json\/wp\/v2\/users\/2"}],"replies":[{"embeddable":true,"href":"https:\/\/www.europesays.com\/se\/wp-json\/wp\/v2\/comments?post=125335"}],"version-history":[{"count":0,"href":"https:\/\/www.europesays.com\/se\/wp-json\/wp\/v2\/posts\/125335\/revisions"}],"wp:featuredmedia":[{"embeddable":true,"href":"https:\/\/www.europesays.com\/se\/wp-json\/wp\/v2\/media\/125336"}],"wp:attachment":[{"href":"https:\/\/www.europesays.com\/se\/wp-json\/wp\/v2\/media?parent=125335"}],"wp:term":[{"taxonomy":"category","embeddable":true,"href":"https:\/\/www.europesays.com\/se\/wp-json\/wp\/v2\/categories?post=125335"},{"taxonomy":"post_tag","embeddable":true,"href":"https:\/\/www.europesays.com\/se\/wp-json\/wp\/v2\/tags?post=125335"}],"curies":[{"name":"wp","href":"https:\/\/api.w.org\/{rel}","templated":true}]}}