{"id":125343,"date":"2026-01-04T13:45:09","date_gmt":"2026-01-04T13:45:09","guid":{"rendered":"https:\/\/www.europesays.com\/se\/125343\/"},"modified":"2026-01-04T13:45:09","modified_gmt":"2026-01-04T13:45:09","slug":"sa-anvandes-fritidskortet-i-sollentuna","status":"publish","type":"post","link":"https:\/\/www.europesays.com\/se\/125343\/","title":{"rendered":"S\u00e5 anv\u00e4ndes Fritidskortet i Sollentuna"},"content":{"rendered":"<p class=\"ort\">Sollentuna<\/p>\n<p class=\"text\">Det nya Fritidskortet som ger f\u00f6r\u00e4ldrar bidrag till barnens aktiviteter fick en tr\u00f6g start d\u00e5 f\u00e5 f\u00f6reningar i Sollentuna var registrerade till en b\u00f6rjan.<\/p>\n<p class=\"text\">Men den 30 november, som var sista dagen att betala med Fritidskortet i \u00e5r, hade i alla fall 1 790 fritidskort anv\u00e4nts i Sollentuna.<\/p>\n<p class=\"text\">Det \u00e4r fler \u00e4n i de flesta andra kommuner i l\u00e4net, enligt en sammanst\u00e4llning fr\u00e5n E\u2011h\u00e4lsomyndigheten.<\/p>\n<p>&#8221;Ser fram emot n\u00e4sta \u00e5r&#8221;<\/p>\n<p class=\"text\">Totalt i hela landet har \u00f6ver 111 miljoner kronor g\u00e5tt till barns fritidsaktiviteter sedan lanseringen i september 2025.<\/p>\n<p class=\"text\">\u2013 Det \u00e4r kul att s\u00e5 m\u00e5nga, p\u00e5 s\u00e5 kort tid, anv\u00e4nt Fritidskortet. Jag ser fram emot n\u00e4sta \u00e5r d\u00e5 barnen har hela \u00e5ret p\u00e5 sig att anv\u00e4nda sig av Fritidskortet, s\u00e4ger Sofie Arvidsson, enhetschef f\u00f6r Fritidskortet p\u00e5 E\u2011h\u00e4lsomyndigheten.<\/p>\n<p class=\"text\">Fritidskortet \u00e4r en digital v\u00e4rdecheck p\u00e5 500 kronor per \u00e5r f\u00f6r alla 8\u201316-\u00e5ringar, f\u00f6r fritidsaktiviteter som idrott eller kultur. Familjer med bostadsbidrag f\u00e5r 2 000 per barn.<\/p>\n","protected":false},"excerpt":{"rendered":"Sollentuna Det nya Fritidskortet som ger f\u00f6r\u00e4ldrar bidrag till barnens aktiviteter fick en tr\u00f6g start d\u00e5 f\u00e5 f\u00f6reningar&hellip;\n","protected":false},"author":2,"featured_media":125344,"comment_status":"","ping_status":"","sticky":false,"template":"","format":"standard","meta":{"footnotes":""},"categories":[12],"tags":[22,23,26,27,17,21,24,25,28,29,15,16,18,34,31,33,32,30,19,20],"class_list":{"0":"post-125343","1":"post","2":"type-post","3":"status-publish","4":"format-standard","5":"has-post-thumbnail","7":"category-sverige","8":"tag-breaking-news","9":"tag-breakingnews","10":"tag-featured-news","11":"tag-featurednews","12":"tag-headlines","13":"tag-huvudnyheter","14":"tag-latest-news","15":"tag-latestnews","16":"tag-main-news","17":"tag-mainnews","18":"tag-news","19":"tag-nyheter","20":"tag-rubriker","21":"tag-se","22":"tag-svenska","23":"tag-sverige","24":"tag-sweden","25":"tag-swedish","26":"tag-top-stories","27":"tag-topstories"},"share_on_mastodon":{"url":"https:\/\/pubeurope.com\/@se\/115837135961332114","error":""},"_links":{"self":[{"href":"https:\/\/www.europesays.com\/se\/wp-json\/wp\/v2\/posts\/125343","targetHints":{"allow":["GET"]}}],"collection":[{"href":"https:\/\/www.europesays.com\/se\/wp-json\/wp\/v2\/posts"}],"about":[{"href":"https:\/\/www.europesays.com\/se\/wp-json\/wp\/v2\/types\/post"}],"author":[{"embeddable":true,"href":"https:\/\/www.europesays.com\/se\/wp-json\/wp\/v2\/users\/2"}],"replies":[{"embeddable":true,"href":"https:\/\/www.europesays.com\/se\/wp-json\/wp\/v2\/comments?post=125343"}],"version-history":[{"count":0,"href":"https:\/\/www.europesays.com\/se\/wp-json\/wp\/v2\/posts\/125343\/revisions"}],"wp:featuredmedia":[{"embeddable":true,"href":"https:\/\/www.europesays.com\/se\/wp-json\/wp\/v2\/media\/125344"}],"wp:attachment":[{"href":"https:\/\/www.europesays.com\/se\/wp-json\/wp\/v2\/media?parent=125343"}],"wp:term":[{"taxonomy":"category","embeddable":true,"href":"https:\/\/www.europesays.com\/se\/wp-json\/wp\/v2\/categories?post=125343"},{"taxonomy":"post_tag","embeddable":true,"href":"https:\/\/www.europesays.com\/se\/wp-json\/wp\/v2\/tags?post=125343"}],"curies":[{"name":"wp","href":"https:\/\/api.w.org\/{rel}","templated":true}]}}