{"id":125371,"date":"2026-01-04T14:24:09","date_gmt":"2026-01-04T14:24:09","guid":{"rendered":"https:\/\/www.europesays.com\/se\/125371\/"},"modified":"2026-01-04T14:24:09","modified_gmt":"2026-01-04T14:24:09","slug":"ga-inte-framtill-den-arrade-mannen","status":"publish","type":"post","link":"https:\/\/www.europesays.com\/se\/125371\/","title":{"rendered":"G\u00e5 inte fram\ntill den \u00e4rrade mannen"},"content":{"rendered":"<p>Publicerad 4 jan 2026 kl 00.16<\/p>\n<p>D\u00f6mde m\u00f6rdaren Matthew Armstrong rymde p\u00e5 ny\u00e5rsdagen.<\/p>\n<p>Polisen varnar folk f\u00f6r att n\u00e4rma sig den 35-\u00e5rige mannen som har \u00e4rr i pannan, skriver <a href=\"https:\/\/news.sky.com\/story\/murderer-among-two-prisoners-at-large-after-absonding-from-jail-on-new-years-day-13490067\" rel=\"nofollow noopener\" target=\"_blank\">Sky News<\/a>.<\/p>\n<p>Senaste nyhetsklippen fr\u00e5n Expressen.<img   alt=\"\"\/><\/p>\n<p>Matthew Armstrong.<\/p>\n<p>Foto: Avon and Somerset Police<\/p>\n<p>\u00d6ppna bild i helsk\u00e4rm<img loading=\"lazy\"   alt=\"\"\/><\/p>\n<p>Matthew Armstrong p\u00e5 en bild tagen av en \u00f6vervakningskamera.<\/p>\n<p>Foto: Avon and Somerset Police<\/p>\n<p>\u00d6ppna bild i helsk\u00e4rm<\/p>\n<p>Tre f\u00e5ngar rymde fr\u00e5n Leyhill-f\u00e4ngelset i <a href=\"https:\/\/www.expressen.se\/tagg\/location\/storbritannien\/\" class=\"\" rel=\"nofollow noopener\" target=\"_blank\">Storbritannien<\/a> p\u00e5 ny\u00e5rsdagen. En av dem greps i Bristol under l\u00f6rdagen, men de andra tv\u00e5 \u00e4r fortfarande p\u00e5 fri fot.<\/p>\n<p>Polisen har nu g\u00e5tt ut med bilder p\u00e5 de tv\u00e5 f\u00f6rrymda f\u00e5ngarna och v\u00e4djar till allm\u00e4nheten om hj\u00e4lp med att hitta dem. Polisen varnar alla som f\u00e5r syn p\u00e5 f\u00e5ngarna att h\u00e5lla sig borta fr\u00e5n dem och i st\u00e4llet ringa 112.<\/p>\n<p>\u2013 Vi vill h\u00f6ra fr\u00e5n alla som har information om var de befinner sig, s\u00e4ger en talesperson f\u00f6r polisen.<\/p>\n<p>D\u00f6mdes f\u00f6r mord<\/p>\n<p>Den ene f\u00f6rrymde f\u00e5ngen \u00e4r Matthew Armstrong, 35. Armstrong d\u00f6mdes i slutet av 2000-talet f\u00f6r ett mord som intr\u00e4ffade under ett r\u00e5n i Warwickshire.<\/p>\n<p>Armstrong beskrivs som vit, cirka 170 cm l\u00e5ng, med r\u00f6tt h\u00e5r och \u00e4rr i pannan. Han s\u00e5gs senast ikl\u00e4dd en vinr\u00f6d\/orange jacka, gr\u00e5 keps, gr\u00e5 tr\u00e4ningsbyxor med bl\u00e5tt p\u00e5 sidan och svarta st\u00f6vlar.<\/p>\n<p>Den andre f\u00f6rrymde f\u00e5ngen, 40-\u00e5rige Daniel Washbourne, har d\u00f6mts f\u00f6r v\u00e5ldsbrott och olaga frihetsber\u00f6vande. Washbourne beskrivs som vit, cirka 178 cm l\u00e5ng, smal, nyrakad och med brunt h\u00e5r. Han s\u00e5gs senast ikl\u00e4dd kr\u00e4mf\u00e4rgad fleece, bl\u00e5 tr\u00e4ningsbyxor, bl\u00e5 m\u00f6ssa och svarta gymnastikskor.<\/p>\n","protected":false},"excerpt":{"rendered":"Publicerad 4 jan 2026 kl 00.16 D\u00f6mde m\u00f6rdaren Matthew Armstrong rymde p\u00e5 ny\u00e5rsdagen. Polisen varnar folk f\u00f6r att&hellip;\n","protected":false},"author":2,"featured_media":125372,"comment_status":"","ping_status":"","sticky":false,"template":"","format":"standard","meta":{"footnotes":""},"categories":[14],"tags":[22,23,26,27,17,21,24,25,199,28,29,15,16,18,34,55,31,33,32,30,19,20,51,52,53,54],"class_list":{"0":"post-125371","1":"post","2":"type-post","3":"status-publish","4":"format-standard","5":"has-post-thumbnail","7":"category-varlden","8":"tag-breaking-news","9":"tag-breakingnews","10":"tag-featured-news","11":"tag-featurednews","12":"tag-headlines","13":"tag-huvudnyheter","14":"tag-latest-news","15":"tag-latestnews","16":"tag-location-storbritannien","17":"tag-main-news","18":"tag-mainnews","19":"tag-news","20":"tag-nyheter","21":"tag-rubriker","22":"tag-se","23":"tag-sections-varlden","24":"tag-svenska","25":"tag-sverige","26":"tag-sweden","27":"tag-swedish","28":"tag-top-stories","29":"tag-topstories","30":"tag-varlden","31":"tag-world","32":"tag-world-news","33":"tag-worldnews"},"share_on_mastodon":{"url":"https:\/\/pubeurope.com\/@se\/115837289417116154","error":""},"_links":{"self":[{"href":"https:\/\/www.europesays.com\/se\/wp-json\/wp\/v2\/posts\/125371","targetHints":{"allow":["GET"]}}],"collection":[{"href":"https:\/\/www.europesays.com\/se\/wp-json\/wp\/v2\/posts"}],"about":[{"href":"https:\/\/www.europesays.com\/se\/wp-json\/wp\/v2\/types\/post"}],"author":[{"embeddable":true,"href":"https:\/\/www.europesays.com\/se\/wp-json\/wp\/v2\/users\/2"}],"replies":[{"embeddable":true,"href":"https:\/\/www.europesays.com\/se\/wp-json\/wp\/v2\/comments?post=125371"}],"version-history":[{"count":0,"href":"https:\/\/www.europesays.com\/se\/wp-json\/wp\/v2\/posts\/125371\/revisions"}],"wp:featuredmedia":[{"embeddable":true,"href":"https:\/\/www.europesays.com\/se\/wp-json\/wp\/v2\/media\/125372"}],"wp:attachment":[{"href":"https:\/\/www.europesays.com\/se\/wp-json\/wp\/v2\/media?parent=125371"}],"wp:term":[{"taxonomy":"category","embeddable":true,"href":"https:\/\/www.europesays.com\/se\/wp-json\/wp\/v2\/categories?post=125371"},{"taxonomy":"post_tag","embeddable":true,"href":"https:\/\/www.europesays.com\/se\/wp-json\/wp\/v2\/tags?post=125371"}],"curies":[{"name":"wp","href":"https:\/\/api.w.org\/{rel}","templated":true}]}}