{"id":125373,"date":"2026-01-04T14:25:10","date_gmt":"2026-01-04T14:25:10","guid":{"rendered":"https:\/\/www.europesays.com\/se\/125373\/"},"modified":"2026-01-04T14:25:10","modified_gmt":"2026-01-04T14:25:10","slug":"se-upp-i-backen-annars-far-du-hal-i-nacken-corren","status":"publish","type":"post","link":"https:\/\/www.europesays.com\/se\/125373\/","title":{"rendered":"Se upp i backen \u2013 annars f\u00e5r du h\u00e5l i nacken! &#8211; Corren"},"content":{"rendered":"<ol>\n<li><a href=\"https:\/\/news.google.com\/rss\/articles\/CBMimAFBVV95cUxNS3ZabkVnTXBwd3AzcGIzd29NaXpLdUFNbFN6bnRUcTFOWUZiaWFpbF9RdnoxY1NfZllPR0trZ044VVZGNDRDdzl5RTMtdlBuU3NDSk1weThqYmZtM250WTc0VTRNUUwtZWtjT2NHYVIySU1yUXVKNVBDaGQ0b1B2QVZJSjJUV1Jrd01nXzhGMUtlWHhybmZ6UA?oc=5\" target=\"_blank\" rel=\"nofollow noopener\">Se upp i backen \u2013 annars f\u00e5r du h\u00e5l i nacken!<\/a>&nbsp;&nbsp;Corren<\/li>\n<li><a href=\"https:\/\/news.google.com\/rss\/articles\/CBMimAFBVV95cUxQUXpUdzJ3Sy04SEFMazduQzBVemgwNnkwYWxYRTBwX3A5b2FuZEQtenRialp6TGpxX25QVzFPaXhLM2R0UG44M1RkZ0Fobl81OFhHSzc4bFU5OXdmOGFXU0JCb2xTc3VrMGNiVUVnT25BbF9ZYnJwS0lXUWlMdEFaaWRGb09VTFpDalRzdnR2U0RwRHg3Z3h5Tg?oc=5\" target=\"_blank\" rel=\"nofollow noopener\">Sn\u00f6 i Malm\u00f6 \u2013 se sk\u00e5nska barnen ge sig ut i pulkabacken<\/a>&nbsp;&nbsp;SVT Nyheter<\/li>\n<li><a href=\"https:\/\/news.google.com\/rss\/articles\/CBMifEFVX3lxTE4zU2Fydm5uZkFITktqTDFTdDZqT0Y4UE9PS2c2eG9ZOERpM0VHSE9oRHlxa3NnVGxoY05pQzB0UEdpR0dPemFqb3owTVF6NWo1cEZIMUstVUR4anRHeFdFcnl1b3k2bVB5d1VVaTREdTI2OTJSel9pTl9QVjI?oc=5\" target=\"_blank\" rel=\"nofollow noopener\">SN\u00d6LYCKA: Vitt p\u00e5 marken \u2013 och barnen jublar: \u201dJA!\u201d<\/a>&nbsp;&nbsp;NWT<\/li>\n<li><a href=\"https:\/\/news.google.com\/rss\/articles\/CBMieEFVX3lxTE41eHZYNnpoYlR0VGdzNHRpMnlwclU5LUduSTQ5LTY0X0NPUEJyTVNENk1Ja1BHSTE0cWJXb0lNUUVJOWNwM2dIUGsyTEVMZks2VUdPXzZ6S3FSSWltZVk3cXpQZFFDOHlMMVl4cUM4QnVFcVdxdDFJMA?oc=5\" target=\"_blank\" rel=\"nofollow noopener\">Sn\u00f6gl\u00e4dje i Sunnerstabacken \u2013 Finn, 1,5 \u00e5r, l\u00e4r sig snowracer<\/a>&nbsp;&nbsp;Sveriges Radio<\/li>\n<li><a href=\"https:\/\/news.google.com\/rss\/articles\/CBMitgFBVV95cUxOaFZjUmhvdDQzZEhHVU5IOTFwa1lvWTJySHdRZ0ZyNGlLN1lQdTZHa3RMTWYxVVRXeG1RMjJWLXVyV2RMc0QtaDAwdW9RMDJfdFpVUm5lbEkzbFh2VlI5Wk1nNDNmTDA4b0JMSW5BTHFqakU0emFVZTBhN1NyUGtRc3g0TGM1b0VNN2tuSFJSRGZ5NFhQT0h5UWMzaVhMUURacjMwQ3lON21aT3ppVmVuMVF4cWVkdw?oc=5\" target=\"_blank\" rel=\"nofollow noopener\">Efterl\u00e4ngtad vinterpremi\u00e4r i pulkabacken<\/a>&nbsp;&nbsp;Kung\u00e4lvs-Posten<\/li>\n<\/ol>\n","protected":false},"excerpt":{"rendered":"Se upp i backen \u2013 annars f\u00e5r du h\u00e5l i nacken!&nbsp;&nbsp;Corren Sn\u00f6 i Malm\u00f6 \u2013 se sk\u00e5nska barnen&hellip;\n","protected":false},"author":2,"featured_media":125374,"comment_status":"","ping_status":"","sticky":false,"template":"","format":"standard","meta":{"footnotes":""},"categories":[12],"tags":[22,23,26,27,17,21,24,25,28,29,15,16,18,34,31,33,32,30,19,20],"class_list":{"0":"post-125373","1":"post","2":"type-post","3":"status-publish","4":"format-standard","5":"has-post-thumbnail","7":"category-sverige","8":"tag-breaking-news","9":"tag-breakingnews","10":"tag-featured-news","11":"tag-featurednews","12":"tag-headlines","13":"tag-huvudnyheter","14":"tag-latest-news","15":"tag-latestnews","16":"tag-main-news","17":"tag-mainnews","18":"tag-news","19":"tag-nyheter","20":"tag-rubriker","21":"tag-se","22":"tag-svenska","23":"tag-sverige","24":"tag-sweden","25":"tag-swedish","26":"tag-top-stories","27":"tag-topstories"},"share_on_mastodon":{"url":"https:\/\/pubeurope.com\/@se\/115837293294765480","error":""},"_links":{"self":[{"href":"https:\/\/www.europesays.com\/se\/wp-json\/wp\/v2\/posts\/125373","targetHints":{"allow":["GET"]}}],"collection":[{"href":"https:\/\/www.europesays.com\/se\/wp-json\/wp\/v2\/posts"}],"about":[{"href":"https:\/\/www.europesays.com\/se\/wp-json\/wp\/v2\/types\/post"}],"author":[{"embeddable":true,"href":"https:\/\/www.europesays.com\/se\/wp-json\/wp\/v2\/users\/2"}],"replies":[{"embeddable":true,"href":"https:\/\/www.europesays.com\/se\/wp-json\/wp\/v2\/comments?post=125373"}],"version-history":[{"count":0,"href":"https:\/\/www.europesays.com\/se\/wp-json\/wp\/v2\/posts\/125373\/revisions"}],"wp:featuredmedia":[{"embeddable":true,"href":"https:\/\/www.europesays.com\/se\/wp-json\/wp\/v2\/media\/125374"}],"wp:attachment":[{"href":"https:\/\/www.europesays.com\/se\/wp-json\/wp\/v2\/media?parent=125373"}],"wp:term":[{"taxonomy":"category","embeddable":true,"href":"https:\/\/www.europesays.com\/se\/wp-json\/wp\/v2\/categories?post=125373"},{"taxonomy":"post_tag","embeddable":true,"href":"https:\/\/www.europesays.com\/se\/wp-json\/wp\/v2\/tags?post=125373"}],"curies":[{"name":"wp","href":"https:\/\/api.w.org\/{rel}","templated":true}]}}