{"id":12538,"date":"2025-08-24T14:34:10","date_gmt":"2025-08-24T14:34:10","guid":{"rendered":"https:\/\/www.europesays.com\/se\/12538\/"},"modified":"2025-08-24T14:34:10","modified_gmt":"2025-08-24T14:34:10","slug":"fanny-roos-slar-till-med-nytt-finnkampsrekord","status":"publish","type":"post","link":"https:\/\/www.europesays.com\/se\/12538\/","title":{"rendered":"Fanny Roos sl\u00e5r till med nytt Finnkampsrekord"},"content":{"rendered":"<p>Den svenska kulst\u00f6taren Fanny Roos slog till med ett nytt Finnkampsrekord n\u00e4r hon st\u00f6tte 19,11 p\u00e5 Stockholms stadion under s\u00f6ndagen. 30-\u00e5ringen hade \u00e4ven det tidigare rekordet, som hon satte 2021. <\/p>\n<p>\u2013 Alltid kul att g\u00f6ra \u00f6ver 19, det \u00e4r bra, s\u00e4ger hon i SVT:s s\u00e4ndning. <\/p>\n<p>Omni \u00e4r politiskt obundna och oberoende. Vi str\u00e4var efter att ge fler perspektiv p\u00e5 nyheterna. Har du fr\u00e5gor eller synpunkter kring v\u00e5r rapportering? <a href=\"https:\/\/omni.se\/fanny-roos-slar-till-med-nytt-finnkampsrekord\/a\/mailto:redaktion@omni.se\" class=\"ArticleActions_contactLink__W2F1M\" rel=\"nofollow noopener\" target=\"_blank\">Kontakta redaktionen<\/a><\/p>\n","protected":false},"excerpt":{"rendered":"Den svenska kulst\u00f6taren Fanny Roos slog till med ett nytt Finnkampsrekord n\u00e4r hon st\u00f6tte 19,11 p\u00e5 Stockholms stadion&hellip;\n","protected":false},"author":2,"featured_media":12539,"comment_status":"","ping_status":"","sticky":false,"template":"","format":"standard","meta":{"footnotes":""},"categories":[5],"tags":[22,23,1726,26,27,1364,17,21,1727,24,25,28,29,15,16,18,34,31,33,32,30,19,20],"class_list":{"0":"post-12538","1":"post","2":"type-post","3":"status-publish","4":"format-standard","5":"has-post-thumbnail","7":"category-rubriker","8":"tag-breaking-news","9":"tag-breakingnews","10":"tag-fanny-roos","11":"tag-featured-news","12":"tag-featurednews","13":"tag-friidrott","14":"tag-headlines","15":"tag-huvudnyheter","16":"tag-kulstotning","17":"tag-latest-news","18":"tag-latestnews","19":"tag-main-news","20":"tag-mainnews","21":"tag-news","22":"tag-nyheter","23":"tag-rubriker","24":"tag-se","25":"tag-svenska","26":"tag-sverige","27":"tag-sweden","28":"tag-swedish","29":"tag-top-stories","30":"tag-topstories"},"share_on_mastodon":{"url":"","error":""},"_links":{"self":[{"href":"https:\/\/www.europesays.com\/se\/wp-json\/wp\/v2\/posts\/12538","targetHints":{"allow":["GET"]}}],"collection":[{"href":"https:\/\/www.europesays.com\/se\/wp-json\/wp\/v2\/posts"}],"about":[{"href":"https:\/\/www.europesays.com\/se\/wp-json\/wp\/v2\/types\/post"}],"author":[{"embeddable":true,"href":"https:\/\/www.europesays.com\/se\/wp-json\/wp\/v2\/users\/2"}],"replies":[{"embeddable":true,"href":"https:\/\/www.europesays.com\/se\/wp-json\/wp\/v2\/comments?post=12538"}],"version-history":[{"count":0,"href":"https:\/\/www.europesays.com\/se\/wp-json\/wp\/v2\/posts\/12538\/revisions"}],"wp:featuredmedia":[{"embeddable":true,"href":"https:\/\/www.europesays.com\/se\/wp-json\/wp\/v2\/media\/12539"}],"wp:attachment":[{"href":"https:\/\/www.europesays.com\/se\/wp-json\/wp\/v2\/media?parent=12538"}],"wp:term":[{"taxonomy":"category","embeddable":true,"href":"https:\/\/www.europesays.com\/se\/wp-json\/wp\/v2\/categories?post=12538"},{"taxonomy":"post_tag","embeddable":true,"href":"https:\/\/www.europesays.com\/se\/wp-json\/wp\/v2\/tags?post=12538"}],"curies":[{"name":"wp","href":"https:\/\/api.w.org\/{rel}","templated":true}]}}