{"id":125388,"date":"2026-01-04T14:42:25","date_gmt":"2026-01-04T14:42:25","guid":{"rendered":"https:\/\/www.europesays.com\/se\/125388\/"},"modified":"2026-01-04T14:42:25","modified_gmt":"2026-01-04T14:42:25","slug":"gw-om-vilma-anderssonfarlig-manniska","status":"publish","type":"post","link":"https:\/\/www.europesays.com\/se\/125388\/","title":{"rendered":"GW om Vilma Andersson:\nFarlig m\u00e4nniska"},"content":{"rendered":"<p>Leif GW Persson varnade f\u00f6r mordmisst\u00e4nkta Vilma Andersson f\u00f6r fem \u00e5r sedan.<\/p>\n<p>26-\u00e5ringen d\u00f6mdes inte till den psykv\u00e5rd som hade kunnat h\u00e5lla honom kvar p\u00e5 anstalt, menar polisprofessorn.\u00a0<\/p>\n<p>\u2013 En farlig m\u00e4nniska, helt enkelt. Ska det vara s\u00e5 sv\u00e5rt att fatta? s\u00e4ger han i <a href=\"https:\/\/www.tv4play.se\/video\/e911e0ab854a72ac974d\/sondag-4-januari\" rel=\"nofollow noopener\" target=\"_blank\">TV4:s \u00a0\u201dNyhetsmorgon\u201d.<\/a><\/p>\n<p><img   alt=\"\"\/><\/p>\n<p>Kvinnan f\u00f6rsvann p\u00e5 natten mot annandagen. Hon var p\u00e5 v\u00e4g hem fr\u00e5n pendelt\u00e5get.<\/p>\n<p>Foto: PATRIK C \u00d6STERBERG \/ MEDIABILD<\/p>\n<p>\u00d6ppna bild i helsk\u00e4rm<img loading=\"lazy\"   alt=\"\"\/><\/p>\n<p>Leif GW Persson, 80, kommenterade mordet i R\u00f6nninge i TV4:s \u201dNyhetsmorgon\u201d:<\/p>\n<p>Foto: OLLE SPORRONG<\/p>\n<p>\u00d6ppna bild i helsk\u00e4rm<img loading=\"lazy\"   alt=\"\"\/><\/p>\n<p>P\u00e5 l\u00f6rdagen h\u00f6lls en fackelmanifestation i R\u00f6nninge till minne av den m\u00f6rdade kvinnan.<\/p>\n<p>Foto: Caisa Rasmussen\/TT \/ TT NYHETSBYR\u00c5N \/ Caisa Rasmussen<\/p>\n<p>\u00d6ppna bild i helsk\u00e4rm<img loading=\"lazy\"   alt=\"\"\/><\/p>\n<p>Vilma Andersson, 26, misst\u00e4nks f\u00f6r mordet.<\/p>\n<p>\u00d6ppna bild i helsk\u00e4rm<\/p>\n<p>26-\u00e5riga Vilma Andersson \u00e4r h\u00e4ktad misst\u00e4nkt f\u00f6r mordet p\u00e5 den 25-\u00e5riga kvinna som hittades d\u00f6d i R\u00f6nninge under julhelgen.<\/p>\n<p>F\u00f6rfattaren och kriminologen<a href=\"https:\/\/www.expressen.se\/nyheter\/sverige\/dumpen-och-gw-varnade--for-26-aringen-livsfarlig\/\" rel=\"nofollow noopener\" target=\"_blank\"> Leif GW Persson varnade f\u00f6r honom i TV4:s program <\/a>\u201dBrottsjournalen\u201d 2020, i samband med att 26-\u00e5ringen d\u00f6mdes f\u00f6r f\u00f6rs\u00f6k till m\u00e4nniskorov av en flicka i 10-\u00e5rs\u00e5ldern.\u00a0<\/p>\n<p>Flickan drogs in i en bil och enligt domen var upps\u00e5tet att \u201dskada hennes liv och h\u00e4lsa\u201d. Hon kom undan genom att fly ut genom en ol\u00e5st bild\u00f6rr.<\/p>\n<p>\u2013 Han stack ut s\u00e5 tydligt genom sin brottslighet, s\u00e4ger <a href=\"https:\/\/www.expressen.se\/tagg\/person\/leif-gw-persson\/\" class=\"\" rel=\"nofollow noopener\" target=\"_blank\">Leif GW Persson<\/a> i \u201dNyhetsmorgon\u201d och forts\u00e4tter: \u00a0<\/p>\n<p>\u2013 Han var inte gammal d\u00e5. Han var i 20-\u00e5rs\u00e5ldern. G\u00f6r du n\u00e5got s\u00e5nt d\u00e5 \u00e4r det ett ytterst allvarligt tecken p\u00e5 att det h\u00e4r \u00e4r en grov brottsling i vardande.\u00a0<\/p>\n<p>Detta har h\u00e4nt \u2013 mordet i R\u00f6nninge<\/p>\n<p> En 25-\u00e5rig kvinna f\u00f6rsvann natten till annandagen i R\u00f6nninge i Salems kommun.<\/p>\n<p> P\u00e5 l\u00f6rdagen den 27 december hittades hon d\u00f6d i ett skogsomr\u00e5de.<\/p>\n<p> 26-\u00e5rige Vilma Andersson \u00e4r h\u00e4ktad misst\u00e4nkt f\u00f6r mord och grovt gravfridsbrott. Han f\u00f6rnekar mord, men erk\u00e4nner sig skyldig till grovt gravfridsbrott.<\/p>\n<p> Andersson har tidigare d\u00f6mts f\u00f6r f\u00f6rs\u00f6k till m\u00e4nniskorov. I samband med det hittade polisen stora m\u00e4ngder barnpornografi i 26-\u00e5ringens dator.<\/p>\n<p> Motivet till mordet \u00e4r oklart. Enligt \u00e5klagaren tyder allt p\u00e5 att Andersson valt ut sitt offer slumpm\u00e4ssigt.<\/p>\n<p>Visa mer<img loading=\"lazy\"   alt=\"\"\/><\/p>\n<p>Leif GW Persson varnade f\u00f6r mordmisst\u00e4nkta Vilma Andersson f\u00f6r fem \u00e5r sedan, s\u00e4ger han i TV4 Nyhetsmorgon.<\/p>\n<p>Foto: TV4 Nyhetsmorgon<\/p>\n<p>\u00d6ppna bild i helsk\u00e4rmKritiken mot domen\u00a0<\/p>\n<p>\u00c5terfallsrisken var n\u00e4rmast total, menar GW vidare.<\/p>\n<p>\u2013 Men det tog man inte p\u00e5 allvar. Han fick inte den psykv\u00e5rden som hade kunnat h\u00e5lla honom kvar utan han sl\u00e4pps ut efter tv\u00e5 \u00e5r med den vanliga rabatten trots att han inte betett sig alltf\u00f6r v\u00e4l p\u00e5 anstalten.\u00a0<\/p>\n<p>Leif GW Persson vill se ett b\u00e4ttre s\u00e4tt att hantera den \u201dtypen av g\u00e4rningsm\u00e4n som s\u00e5 tydligt och tidigt signalerar farlighet\u201d. Det hade \u201dr\u00e4ckt med sluten psykv\u00e5rd\u201d f\u00f6r Vilma Anderssons del, s\u00e4ger han i Nyhetsmorgon.\u00a0<\/p>\n<p>\u2013 Det h\u00e4r \u00e4r utomordentligt allvarliga brott, det ser man p\u00e5 ett tidigt stadium. Sen har han gjort allt f\u00f6r att leva upp till det. Den h\u00e4r g\u00e5ngen kommer han inte att f\u00e5 n\u00e5gra tv\u00e5 \u00e5r. Han kommer att f\u00e5 antingen livstids f\u00e4ngelse och sluten psykiatrisk v\u00e5rd med s\u00e4rskild utskrivningspr\u00f6vning s\u00e5 i den meningen \u00e4r han f\u00f6rbrukad nu till priset av att en helt oskyldig 25-\u00e5rig kvinna f\u00f6rlorar livet.\u00a0<\/p>\n<p><strong>L\u00c4S MER: <\/strong><a href=\"https:\/\/www.expressen.se\/nyheter\/sverige\/vilma-andersson-misstanks-for-styckmordet-i-ronninge-\/\" class=\"\" rel=\"nofollow noopener\" target=\"_blank\">Vilma Andersson misst\u00e4nks f\u00f6r styckmordet i R\u00f6nninge<\/a><strong>L\u00c4S MER: <\/strong><a href=\"https:\/\/www.expressen.se\/nyheter\/sverige\/dumpen-och-gw-varnade--for-26-aringen-livsfarlig\/\" class=\"\" rel=\"nofollow noopener\" target=\"_blank\">Dumpen och GW varnade  f\u00f6r 26-\u00e5ringen: \u201dLivsfarlig\u201d<\/a><\/p>\n","protected":false},"excerpt":{"rendered":"Leif GW Persson varnade f\u00f6r mordmisst\u00e4nkta Vilma Andersson f\u00f6r fem \u00e5r sedan. 26-\u00e5ringen d\u00f6mdes inte till den psykv\u00e5rd&hellip;\n","protected":false},"author":2,"featured_media":125389,"comment_status":"","ping_status":"","sticky":false,"template":"","format":"standard","meta":{"footnotes":""},"categories":[5],"tags":[22,23,26,27,17,21,24,25,28,29,15,12855,16,1734,12888,18,34,666,31,33,32,30,19,436,20],"class_list":{"0":"post-125388","1":"post","2":"type-post","3":"status-publish","4":"format-standard","5":"has-post-thumbnail","7":"category-rubriker","8":"tag-breaking-news","9":"tag-breakingnews","10":"tag-featured-news","11":"tag-featurednews","12":"tag-headlines","13":"tag-huvudnyheter","14":"tag-latest-news","15":"tag-latestnews","16":"tag-main-news","17":"tag-mainnews","18":"tag-news","19":"tag-newsstory-kvinna-mordad-i-ronninge","20":"tag-nyheter","21":"tag-person-leif-gw-persson","22":"tag-person-vilma-andersson","23":"tag-rubriker","24":"tag-se","25":"tag-sections-krim","26":"tag-svenska","27":"tag-sverige","28":"tag-sweden","29":"tag-swedish","30":"tag-top-stories","31":"tag-topic-valdsbrott-mord","32":"tag-topstories"},"share_on_mastodon":{"url":"https:\/\/pubeurope.com\/@se\/115837360131010474","error":""},"_links":{"self":[{"href":"https:\/\/www.europesays.com\/se\/wp-json\/wp\/v2\/posts\/125388","targetHints":{"allow":["GET"]}}],"collection":[{"href":"https:\/\/www.europesays.com\/se\/wp-json\/wp\/v2\/posts"}],"about":[{"href":"https:\/\/www.europesays.com\/se\/wp-json\/wp\/v2\/types\/post"}],"author":[{"embeddable":true,"href":"https:\/\/www.europesays.com\/se\/wp-json\/wp\/v2\/users\/2"}],"replies":[{"embeddable":true,"href":"https:\/\/www.europesays.com\/se\/wp-json\/wp\/v2\/comments?post=125388"}],"version-history":[{"count":0,"href":"https:\/\/www.europesays.com\/se\/wp-json\/wp\/v2\/posts\/125388\/revisions"}],"wp:featuredmedia":[{"embeddable":true,"href":"https:\/\/www.europesays.com\/se\/wp-json\/wp\/v2\/media\/125389"}],"wp:attachment":[{"href":"https:\/\/www.europesays.com\/se\/wp-json\/wp\/v2\/media?parent=125388"}],"wp:term":[{"taxonomy":"category","embeddable":true,"href":"https:\/\/www.europesays.com\/se\/wp-json\/wp\/v2\/categories?post=125388"},{"taxonomy":"post_tag","embeddable":true,"href":"https:\/\/www.europesays.com\/se\/wp-json\/wp\/v2\/tags?post=125388"}],"curies":[{"name":"wp","href":"https:\/\/api.w.org\/{rel}","templated":true}]}}