{"id":125390,"date":"2026-01-04T14:44:15","date_gmt":"2026-01-04T14:44:15","guid":{"rendered":"https:\/\/www.europesays.com\/se\/125390\/"},"modified":"2026-01-04T14:44:15","modified_gmt":"2026-01-04T14:44:15","slug":"aik-sparkar-sin-tranare-battre-med-en-annan","status":"publish","type":"post","link":"https:\/\/www.europesays.com\/se\/125390\/","title":{"rendered":"AIK sparkar sin tr\u00e4nare: \u201dB\u00e4ttre med en annan\u201d"},"content":{"rendered":"<p>AIK:s herrlag sparkar Mikkjal Thomassen som huvudtr\u00e4nare, meddelar Solnaklubben.<\/p>\n<p>\u2013 Vi tror att laget och klubben kommer att bli b\u00e4ttre med en annan ledare de kommande \u00e5ren, s\u00e4ger klubbdirekt\u00f6ren Fredrik S\u00f6derberg.<\/p>\n<p>Den f\u00e4r\u00f6iska tr\u00e4naren tackar klubbens fans f\u00f6r sina 1,5 \u00e5r i klubben.<\/p>\n<p>\u2013 Det har varit en \u00e4ra och ett ansvar som jag har tagit p\u00e5 mig med allt vad jag har, varje sekund jag har f\u00e5tt tj\u00e4na er.<\/p>\n<p>AIK hade en mellans\u00e4song och slutade sjua i allsvenskan.<\/p>\n<p>Omni \u00e4r politiskt obundna och oberoende. Vi str\u00e4var efter att ge fler perspektiv p\u00e5 nyheterna. Har du fr\u00e5gor eller synpunkter kring v\u00e5r rapportering? <a href=\"https:\/\/omni.se\/aik-sparkar-sin-tranare-battre-med-en-annan\/a\/mailto:redaktion@omni.se\" class=\"ArticleActions_contactLink__W2F1M\" rel=\"nofollow noopener\" target=\"_blank\">Kontakta redaktionen<\/a><\/p>\n","protected":false},"excerpt":{"rendered":"AIK:s herrlag sparkar Mikkjal Thomassen som huvudtr\u00e4nare, meddelar Solnaklubben. \u2013 Vi tror att laget och klubben kommer att&hellip;\n","protected":false},"author":2,"featured_media":125391,"comment_status":"","ping_status":"","sticky":false,"template":"","format":"standard","meta":{"footnotes":""},"categories":[68],"tags":[460,458,138,34,111,110,31,33,32,30],"class_list":{"0":"post-125390","1":"post","2":"type-post","3":"status-publish","4":"format-standard","5":"has-post-thumbnail","7":"category-sport","8":"tag-aik-fotboll","9":"tag-allsvenskan-i-fotboll","10":"tag-fotboll","11":"tag-se","12":"tag-sport","13":"tag-sports","14":"tag-svenska","15":"tag-sverige","16":"tag-sweden","17":"tag-swedish"},"share_on_mastodon":{"url":"https:\/\/pubeurope.com\/@se\/115837367993526183","error":""},"_links":{"self":[{"href":"https:\/\/www.europesays.com\/se\/wp-json\/wp\/v2\/posts\/125390","targetHints":{"allow":["GET"]}}],"collection":[{"href":"https:\/\/www.europesays.com\/se\/wp-json\/wp\/v2\/posts"}],"about":[{"href":"https:\/\/www.europesays.com\/se\/wp-json\/wp\/v2\/types\/post"}],"author":[{"embeddable":true,"href":"https:\/\/www.europesays.com\/se\/wp-json\/wp\/v2\/users\/2"}],"replies":[{"embeddable":true,"href":"https:\/\/www.europesays.com\/se\/wp-json\/wp\/v2\/comments?post=125390"}],"version-history":[{"count":0,"href":"https:\/\/www.europesays.com\/se\/wp-json\/wp\/v2\/posts\/125390\/revisions"}],"wp:featuredmedia":[{"embeddable":true,"href":"https:\/\/www.europesays.com\/se\/wp-json\/wp\/v2\/media\/125391"}],"wp:attachment":[{"href":"https:\/\/www.europesays.com\/se\/wp-json\/wp\/v2\/media?parent=125390"}],"wp:term":[{"taxonomy":"category","embeddable":true,"href":"https:\/\/www.europesays.com\/se\/wp-json\/wp\/v2\/categories?post=125390"},{"taxonomy":"post_tag","embeddable":true,"href":"https:\/\/www.europesays.com\/se\/wp-json\/wp\/v2\/tags?post=125390"}],"curies":[{"name":"wp","href":"https:\/\/api.w.org\/{rel}","templated":true}]}}