{"id":125398,"date":"2026-01-04T14:52:07","date_gmt":"2026-01-04T14:52:07","guid":{"rendered":"https:\/\/www.europesays.com\/se\/125398\/"},"modified":"2026-01-04T14:52:07","modified_gmt":"2026-01-04T14:52:07","slug":"max-darj-kommer-val-forberedda","status":"publish","type":"post","link":"https:\/\/www.europesays.com\/se\/125398\/","title":{"rendered":"Max Darj: &#8221;Kommer v\u00e4l f\u00f6rberedda&#8221;"},"content":{"rendered":"<p><strong>\u00c5rets f\u00f6rsta landskamp spelas i J\u00f6nk\u00f6ping p\u00e5 m\u00e5ndagskv\u00e4llen. Sverige, som just nu laddar f\u00f6r ett hemma-EM, st\u00e4lls mot Brasilien i den f\u00f6rsta av tv\u00e5 tr\u00e4ningsmatcher.\u00a0<\/strong><br \/><strong>\u2013 V\u00e5rt m\u00e5l \u00e4r att vinna b\u00e5da matcherna mot Brasilien. Vinster bygger sj\u00e4lvf\u00f6rtroende, s\u00e4ger Max Darj.\u00a0<\/strong><\/p>\n<p>Tid f\u00f6r avkast i Husqvarna Garden \u00e4r klockan 18.10. Motst\u00e5ndet \u00e4r bekant f\u00f6r Sverige. Det var n\u00e4mligen Brasilien som besegrade Sverige i fjol\u00e5rets v\u00e4rldsm\u00e4sterskap i Oslo.<\/p>\n<p>\u2013 Jag vill se att vi g\u00f6r tv\u00e5 bra insatser mot Brasilien och levererar en bra handboll. Vi beh\u00f6ver vara samspelta inf\u00f6r det som komma skall i Malm\u00f6, kommenterar mittsexan <a href=\"https:\/\/handbollslandslaget.se\/spelare\/maxdarj\/\" rel=\"nofollow noopener\" target=\"_blank\"><strong>Max Darj<\/strong><\/a> p\u00e5 presstr\u00e4ffen i G\u00f6teborg.<\/p>\n<p>Nyligen uts\u00e5gs Max Darj till \u00e5rets idrottsprofil av Stenungsunds Tidning. Ett hedersamt pris f\u00f6r Darj som kommer fr\u00e5n Stenungsund.<\/p>\n<p>\u2013 \u00c4ven om det \u00e4r lagidrott som man sysslar med \u00e4r individuella priser alltid roligt att f\u00e5. Jag \u00e4r stolt, glad och \u00f6dmjuk \u00f6ver att hemorten uppm\u00e4rksammar en.<\/p>\n<p>Under 2025 vann Darj ett tyskt ligaguld med klubblaget F\u00fcchse Berlin. D\u00e4rmed har han ett EM-guld, ett SM-guld, ett tyskt ligaguld samt ett European League-guld i sitt medaljsk\u00e5p.<\/p>\n<p>D\u00e4remot saknas ett Champions League-guld, vilket Darj \u00e4r v\u00e4l medveten om:<\/p>\n<p>\u2013 Champions League \u00e4r en stor morot f\u00f6r mig och f\u00f6r laget i Berlin den h\u00e4r s\u00e4songen. Med tanke p\u00e5 v\u00e5rt avst\u00e5nd upp till Magdeburg i ligan \u00e4r Final4 v\u00e5rt stora m\u00e5l f\u00f6r v\u00e5rs\u00e4songen. Det \u00e4r inget snack om det, menar Darj vars Berlin allts\u00e5 ligger p\u00e5 en fj\u00e4rdeplats i Bundesliga med sex po\u00e4ng upp till serieledande Magdeburg.<\/p>\n<p>Sveriges EM-premi\u00e4r spelas l\u00f6rdag 17 januari i Malm\u00f6 Arena mot Nederl\u00e4nderna.<\/p>\n<p>\u2013 Vi har tv\u00e5 veckor p\u00e5 oss nu att n\u00f6ta handboll och s\u00e4tta spelet \u00e4nnu mer. Det handlar om att komma \u00f6verens om hur vi vill se ut i varje situation. Eftersom det \u00e4r 14 dagar kvar och inte 8-10 till m\u00e4sterskapet beh\u00f6ver vi inte stressa s\u00e5 mycket. Vi kommer att komma v\u00e4l f\u00f6rberedda.<\/p>\n<p>Men f\u00f6rst v\u00e4ntar allts\u00e5 m\u00f6ten med Brasilien. Det f\u00f6rsta spelas i J\u00f6nk\u00f6ping medan m\u00f6te nummer tv\u00e5 spelas i Partille Arena.<\/p>\n<p>Darjs f\u00f6rsta match i Husqvarna Garden var i Champions League-gruppspelet 2009 med Alings\u00e5s HK. D\u00e5 m\u00f6tte AHK spanska Ciudad Real.<\/p>\n<p>\u2013 Jag minns inte supermycket av den matchen. Men jag minns att jag debuterade i Champions League f\u00f6re elitserien, skrattar Darj.<\/p>\n<p>Text: Olof Thyrelius Ericson<br \/>Foto: Bildbyr\u00e5n<\/p>\n","protected":false},"excerpt":{"rendered":"\u00c5rets f\u00f6rsta landskamp spelas i J\u00f6nk\u00f6ping p\u00e5 m\u00e5ndagskv\u00e4llen. Sverige, som just nu laddar f\u00f6r ett hemma-EM, st\u00e4lls mot&hellip;\n","protected":false},"author":2,"featured_media":125399,"comment_status":"","ping_status":"","sticky":false,"template":"","format":"standard","meta":{"footnotes":""},"categories":[68],"tags":[12014,34,111,110,31,33,32,30],"class_list":{"0":"post-125398","1":"post","2":"type-post","3":"status-publish","4":"format-standard","5":"has-post-thumbnail","7":"category-sport","8":"tag-max-darj","9":"tag-se","10":"tag-sport","11":"tag-sports","12":"tag-svenska","13":"tag-sverige","14":"tag-sweden","15":"tag-swedish"},"share_on_mastodon":{"url":"https:\/\/pubeurope.com\/@se\/115837399982370089","error":""},"_links":{"self":[{"href":"https:\/\/www.europesays.com\/se\/wp-json\/wp\/v2\/posts\/125398","targetHints":{"allow":["GET"]}}],"collection":[{"href":"https:\/\/www.europesays.com\/se\/wp-json\/wp\/v2\/posts"}],"about":[{"href":"https:\/\/www.europesays.com\/se\/wp-json\/wp\/v2\/types\/post"}],"author":[{"embeddable":true,"href":"https:\/\/www.europesays.com\/se\/wp-json\/wp\/v2\/users\/2"}],"replies":[{"embeddable":true,"href":"https:\/\/www.europesays.com\/se\/wp-json\/wp\/v2\/comments?post=125398"}],"version-history":[{"count":0,"href":"https:\/\/www.europesays.com\/se\/wp-json\/wp\/v2\/posts\/125398\/revisions"}],"wp:featuredmedia":[{"embeddable":true,"href":"https:\/\/www.europesays.com\/se\/wp-json\/wp\/v2\/media\/125399"}],"wp:attachment":[{"href":"https:\/\/www.europesays.com\/se\/wp-json\/wp\/v2\/media?parent=125398"}],"wp:term":[{"taxonomy":"category","embeddable":true,"href":"https:\/\/www.europesays.com\/se\/wp-json\/wp\/v2\/categories?post=125398"},{"taxonomy":"post_tag","embeddable":true,"href":"https:\/\/www.europesays.com\/se\/wp-json\/wp\/v2\/tags?post=125398"}],"curies":[{"name":"wp","href":"https:\/\/api.w.org\/{rel}","templated":true}]}}