{"id":125412,"date":"2026-01-04T15:05:07","date_gmt":"2026-01-04T15:05:07","guid":{"rendered":"https:\/\/www.europesays.com\/se\/125412\/"},"modified":"2026-01-04T15:05:07","modified_gmt":"2026-01-04T15:05:07","slug":"han-inleder-varens-kvallar-om-basinkomst","status":"publish","type":"post","link":"https:\/\/www.europesays.com\/se\/125412\/","title":{"rendered":"Han inleder v\u00e5rens kv\u00e4llar om basinkomst"},"content":{"rendered":"<p>\n                    Simon Birnbaum \u00e4r docent i statsvetenskap vid S\u00f6dert\u00f6rns h\u00f6gskola och forskar om basinkomst. Foto: Privat\n            <\/p>\n<p class=\"article__sublead\">Basinkomst har p\u00e5 senare \u00e5r g\u00e5tt fr\u00e5n en vision\u00e4r id\u00e9 till n\u00e5got som testas i praktiken. Vad s\u00e4ger forskningen om resultaten? Det f\u00f6rel\u00e4ser Simon Birnbaum om, en av Sveriges fr\u00e4msta forskare p\u00e5 omr\u00e5det, den 20 januari.<br \/>\u2013 Det k\u00e4nns j\u00e4tteroligt! s\u00e4ger han.<\/p>\n<p class=\"article__paragraph\">I v\u00e5r forts\u00e4tter Syres s\u00e5 kallade basinkomst\u00f6lar p\u00e5 Bacchi Syre i Gamla stan, Stockholm. D\u00e4r deltar forskare, politiker och filmer kommer visas som handlar om basinkomst, kortare arbetstid, f\u00f6rdelningspolitik, det ekonomiska trygghetssystemet och liknande fr\u00e5gor.<\/p>\n<p class=\"article__paragraph\">F\u00f6rst ut i \u00e5r \u00e4r Simon Birnbaum, Sveriges fr\u00e4msta forskare p\u00e5 omr\u00e5det. Han guidar \u00e5h\u00f6rarna genom verkliga experiment fr\u00e5n hela v\u00e4rlden och visar vilka modeller som fungerat b\u00e4st \u2013 och varf\u00f6r.<\/p>\n<p class=\"article__paragraph\"><strong>Hur k\u00e4nns det att delta p\u00e5 Syres basinkomst\u00f6l?\u00a0<\/strong><\/p>\n<p class=\"article__paragraph\">Tack, det k\u00e4nns j\u00e4tteroligt! Forskningen om basinkomst ber\u00f6r grundl\u00e4ggande fr\u00e5gor om vad som \u00e4r ett gott samh\u00e4lle, vilka m\u00e5ls\u00e4ttningar som b\u00f6r v\u00e4gleda v\u00e4lf\u00e4rdspolitiken, och konsekvenserna av olika socialpolitiska program. <\/p>\n<p class=\"article__paragraph\">Allt detta b\u00f6r ju st\u00e5 i centrum f\u00f6r demokratisk samh\u00e4llsdebatt. Och d\u00e4rf\u00f6r \u00e4r det v\u00e4ldigt viktigt att diskussionen om olika forskarr\u00f6n p\u00e5 detta omr\u00e5de f\u00f6rs bland medborgare i stort och inte begr\u00e4nsas till universitetens seminarium.<\/p>\n<p class=\"article__paragraph\"><strong>Du ska ju prata om forskningen om basinkomst. Varf\u00f6r \u00e4r det viktigt?<\/strong><\/p>\n<p class=\"article__paragraph\">I dag kretsar v\u00e4lf\u00e4rdsstatsdebatten mycket kring kriser och omst\u00e4llningar. Hur ska en resolut klimatomst\u00e4llning g\u00f6ras politiskt m\u00f6jlig och hur st\u00e4rker vi v\u00e5ra demokratiers sociala resiliens i en orolig v\u00e4rld? <\/p>\n<p class=\"article__paragraph\">Hur ska vi undvika att produktivitetsvinster fr\u00e5n AI koncentreras i h\u00e4nderna p\u00e5 ett f\u00e5tal eller en arbetsmarknad som l\u00e4mnar m\u00e5nga utan stabil trygghet eller meningsfullt arbete? <\/p>\n<p class=\"article__paragraph\">Basinkomst \u00e4r en sj\u00e4lvklar del av dessa samtal. Samtidigt finns v\u00e4lgrundade farh\u00e5gor om att en renodlad basinkomst skulle vara sv\u00e5r att genomf\u00f6ra politiskt och en utbredd oro f\u00f6r o\u00f6nskade bieffekter. Som statsvetare vill jag bidra till att den h\u00e4r diskussionen f\u00f6rs p\u00e5 ett v\u00e4linformerat och evidensbaserat s\u00e4tt.\u00a0<\/p>\n<p class=\"article__paragraph\"><strong>Vad kan \u00e5h\u00f6rarna f\u00f6rv\u00e4nta sig av f\u00f6rel\u00e4sningen?<\/strong><\/p>\n<p class=\"article__paragraph\">Jag har l\u00e4nge intresserat mig f\u00f6r den politiska filosofin om basinkomst \u2013 hur vi ska v\u00e4rdera den typen av f\u00f6rslag utifr\u00e5n v\u00e4rden som r\u00e4ttvisa, frihet och demokrati. Det kommer jag givetvis att ber\u00f6ra. <\/p>\n<p class=\"article__paragraph\">Men det jag framf\u00f6r allt vill tala om \u00e4r ett ganska dramatiskt skifte vi sett under g\u00e5ngna \u00e5r, d\u00e4r basinkomst g\u00e5tt fr\u00e5n att vara en vision\u00e4r id\u00e9 till att ocks\u00e5 vara n\u00e5got som faktiskt testas eller rentav inf\u00f6rs i praktiken. Och det \u00e4r just i sp\u00e4nningsf\u00e4ltet mellan utopisk vision och politisk verklighet jag t\u00e4nkte uppeh\u00e5lla mig. <\/p>\n<p class=\"article__paragraph\">Vad vet vi idag om i vilken m\u00e5n basinkomst skulle kunna genomf\u00f6ras och fungera v\u00e4l \u2013 med goda konsekvenser?<\/p>\n<p>Basinkomst\u00f6lar i v\u00e5r<\/p>\n<p class=\"article__paragraph\"><strong>#4<\/strong>. <strong>Nyfiken p\u00e5 basinkomst \u2013 myt eller framtidens trygghetssystem?<\/strong><\/p>\n<p class=\"article__paragraph\">Forskaren Simon Birnbaum reder ut vad forskningen s\u00e4ger om basinkomst, \u00e4ven kallat medborgarl\u00f6n. Han \u00e4r en av de fr\u00e4msta svenska forskarna p\u00e5 omr\u00e5det. Han guidar oss genom verkliga experiment fr\u00e5n hela v\u00e4rlden och visar vilka modeller som fungerat b\u00e4st \u2013 och varf\u00f6r.<\/p>\n<p class=\"article__paragraph\">Datum: 20 januari 2026.\u00a0<\/p>\n<p class=\"article__paragraph\">Tid: Drop in fr\u00e5n kl 17, start kl 18.<\/p>\n<p class=\"article__paragraph\"><strong>#5. Basinkomstikonen Guy Standing f\u00f6rel\u00e4ser via l\u00e4nk<\/strong><\/p>\n<p class=\"article__paragraph\">Det \u00e4r nu 15 \u00e5r sedan som forskaren Guy Standing kom ut med boken \u201dPrekariatet\u201d. D\u00e4r skrev han om kapitalism, globalisering och snabb teknikutveckling h\u00e5ller p\u00e5 att skapa ett globalt prekariat. Hur ser han p\u00e5 situationen i dag och anser han fortfarande att basinkomst \u00e4r l\u00f6sningen p\u00e5 problemen?<\/p>\n<p class=\"article__paragraph\">Datum: 20 februari 2026.\u00a0<\/p>\n<p class=\"article__paragraph\">Tid: Drop in fr\u00e5n kl 17, start kl 18.<\/p>\n<p class=\"article__paragraph\"><strong>#6 Basinkomst\u00f6l <\/strong>(f\u00f6rel\u00e4sare\/film aviseras senare i v\u00e5r)<\/p>\n<p class=\"article__paragraph\">Datum: 15 april 2026.\u00a0<\/p>\n<p class=\"article__paragraph\">Tid: Drop in fr\u00e5n kl 17, start kl 18.<\/p>\n<p class=\"article__paragraph\"><strong>#7 Basinkomst\u00f6l<\/strong> (f\u00f6rel\u00e4sare\/film aviseras senare i v\u00e5r)<\/p>\n<p class=\"article__paragraph\">Datum: 10 juni 2026<\/p>\n<p class=\"article__paragraph\">Tid: Drop in fr\u00e5n kl 17, start kl 18.<\/p>\n<p>Syre<\/p>\n","protected":false},"excerpt":{"rendered":"Simon Birnbaum \u00e4r docent i statsvetenskap vid S\u00f6dert\u00f6rns h\u00f6gskola och forskar om basinkomst. Foto: Privat Basinkomst har p\u00e5&hellip;\n","protected":false},"author":2,"featured_media":125413,"comment_status":"","ping_status":"","sticky":false,"template":"","format":"standard","meta":{"footnotes":""},"categories":[12],"tags":[22,23,26,27,17,21,24,25,28,29,15,16,18,34,31,33,32,30,19,20],"class_list":{"0":"post-125412","1":"post","2":"type-post","3":"status-publish","4":"format-standard","5":"has-post-thumbnail","7":"category-sverige","8":"tag-breaking-news","9":"tag-breakingnews","10":"tag-featured-news","11":"tag-featurednews","12":"tag-headlines","13":"tag-huvudnyheter","14":"tag-latest-news","15":"tag-latestnews","16":"tag-main-news","17":"tag-mainnews","18":"tag-news","19":"tag-nyheter","20":"tag-rubriker","21":"tag-se","22":"tag-svenska","23":"tag-sverige","24":"tag-sweden","25":"tag-swedish","26":"tag-top-stories","27":"tag-topstories"},"share_on_mastodon":{"url":"https:\/\/pubeurope.com\/@se\/115837450594772390","error":""},"_links":{"self":[{"href":"https:\/\/www.europesays.com\/se\/wp-json\/wp\/v2\/posts\/125412","targetHints":{"allow":["GET"]}}],"collection":[{"href":"https:\/\/www.europesays.com\/se\/wp-json\/wp\/v2\/posts"}],"about":[{"href":"https:\/\/www.europesays.com\/se\/wp-json\/wp\/v2\/types\/post"}],"author":[{"embeddable":true,"href":"https:\/\/www.europesays.com\/se\/wp-json\/wp\/v2\/users\/2"}],"replies":[{"embeddable":true,"href":"https:\/\/www.europesays.com\/se\/wp-json\/wp\/v2\/comments?post=125412"}],"version-history":[{"count":0,"href":"https:\/\/www.europesays.com\/se\/wp-json\/wp\/v2\/posts\/125412\/revisions"}],"wp:featuredmedia":[{"embeddable":true,"href":"https:\/\/www.europesays.com\/se\/wp-json\/wp\/v2\/media\/125413"}],"wp:attachment":[{"href":"https:\/\/www.europesays.com\/se\/wp-json\/wp\/v2\/media?parent=125412"}],"wp:term":[{"taxonomy":"category","embeddable":true,"href":"https:\/\/www.europesays.com\/se\/wp-json\/wp\/v2\/categories?post=125412"},{"taxonomy":"post_tag","embeddable":true,"href":"https:\/\/www.europesays.com\/se\/wp-json\/wp\/v2\/tags?post=125412"}],"curies":[{"name":"wp","href":"https:\/\/api.w.org\/{rel}","templated":true}]}}