{"id":125415,"date":"2026-01-04T15:08:10","date_gmt":"2026-01-04T15:08:10","guid":{"rendered":"https:\/\/www.europesays.com\/se\/125415\/"},"modified":"2026-01-04T15:08:10","modified_gmt":"2026-01-04T15:08:10","slug":"tyson-fury-gor-comeback-igen","status":"publish","type":"post","link":"https:\/\/www.europesays.com\/se\/125415\/","title":{"rendered":"Tyson Fury g\u00f6r comeback \u2013 igen"},"content":{"rendered":"<p>share-arrowDela<\/p>\n<p>unsaveSpara<\/p>\n<p>expand-left<\/p>\n<p>helsk\u00e4rm<img decoding=\"async\" class=\"image-asset hyperion-css-u06ts1\" data-test-tag=\"image-asset\" src=\"https:\/\/www.europesays.com\/se\/wp-content\/uploads\/2026\/01\/8446ee6a-bacd-4b96-bd16-3c7c648c9031.jpeg\"  alt=\"Tyson Fury. Arkivbild.\"  loading=\"eager\" fetchpriority=\"high\" style=\"aspect-ratio:1900 \/ 1268\"\/>Tyson Fury. Arkivbild. Foto: Frank Augstein\/AP\/TT<\/p>\n<p class=\"hyperion-css-1shl3oz\" data-test-tag=\"lead-text\">Den tidigare flerfaldige v\u00e4rldsm\u00e4staren Tyson Fury g\u00f6r comeback i boxningsringen \u2013 igen.<\/p>\n<p class=\"hyperion-css-1shl3oz\" data-test-tag=\"lead-text\">Det meddelar britten p\u00e5 Instagram bara ett \u00e5r efter sin senaste \u201dpensionering\u201d.<\/p>\n<p class=\"hyperion-css-1v9qo5x\">Fury har inte boxats sedan han i december 2024 f\u00f6rlorade mot ukrainske Oleksandr Usyk.<\/p>\n<p class=\"hyperion-css-1v9qo5x\">\u201dJag har varit borta ett tag, men nu \u00e4r jag tillbaka, 37 \u00e5r gammal och jag sl\u00e5r fortfarande. Det finns inget b\u00e4ttre \u00e4n att sl\u00e5 m\u00e4n i ansiktet och f\u00e5 betalt f\u00f6r det\u201d, skriver Fury enligt flera medier.<\/p>\n<p class=\"hyperion-css-1v9qo5x\">\u00c4ven 2022 meddelade Fury att han skulle l\u00e4gga av, men han var tillbaka i ringen det efterf\u00f6ljande \u00e5ret.<\/p>\n<p class=\"hyperion-css-1v9qo5x\">Det har under en tid spekulerats om ett storm\u00f6te med landsmannen Anthony Joshua, men i nul\u00e4get \u00e4r det os\u00e4kert om en s\u00e5dan duell kan bli av. Joshua var nyligen involverad i en bilolycka i Nigeria. Tv\u00e5 personer, b\u00e5da tr\u00e4nare och v\u00e4nner till boxningsstj\u00e4rnan, omkom n\u00e4r bilen de f\u00e4rdades i kraschade in i en stillast\u00e5ende lastbil.<\/p>\n","protected":false},"excerpt":{"rendered":"share-arrowDela unsaveSpara expand-left helsk\u00e4rmTyson Fury. Arkivbild. Foto: Frank Augstein\/AP\/TT Den tidigare flerfaldige v\u00e4rldsm\u00e4staren Tyson Fury g\u00f6r comeback i&hellip;\n","protected":false},"author":2,"featured_media":125416,"comment_status":"","ping_status":"","sticky":false,"template":"","format":"standard","meta":{"footnotes":""},"categories":[68],"tags":[34,111,110,31,33,32,30],"class_list":{"0":"post-125415","1":"post","2":"type-post","3":"status-publish","4":"format-standard","5":"has-post-thumbnail","7":"category-sport","8":"tag-se","9":"tag-sport","10":"tag-sports","11":"tag-svenska","12":"tag-sverige","13":"tag-sweden","14":"tag-swedish"},"share_on_mastodon":{"url":"https:\/\/pubeurope.com\/@se\/115837462537270452","error":""},"_links":{"self":[{"href":"https:\/\/www.europesays.com\/se\/wp-json\/wp\/v2\/posts\/125415","targetHints":{"allow":["GET"]}}],"collection":[{"href":"https:\/\/www.europesays.com\/se\/wp-json\/wp\/v2\/posts"}],"about":[{"href":"https:\/\/www.europesays.com\/se\/wp-json\/wp\/v2\/types\/post"}],"author":[{"embeddable":true,"href":"https:\/\/www.europesays.com\/se\/wp-json\/wp\/v2\/users\/2"}],"replies":[{"embeddable":true,"href":"https:\/\/www.europesays.com\/se\/wp-json\/wp\/v2\/comments?post=125415"}],"version-history":[{"count":0,"href":"https:\/\/www.europesays.com\/se\/wp-json\/wp\/v2\/posts\/125415\/revisions"}],"wp:featuredmedia":[{"embeddable":true,"href":"https:\/\/www.europesays.com\/se\/wp-json\/wp\/v2\/media\/125416"}],"wp:attachment":[{"href":"https:\/\/www.europesays.com\/se\/wp-json\/wp\/v2\/media?parent=125415"}],"wp:term":[{"taxonomy":"category","embeddable":true,"href":"https:\/\/www.europesays.com\/se\/wp-json\/wp\/v2\/categories?post=125415"},{"taxonomy":"post_tag","embeddable":true,"href":"https:\/\/www.europesays.com\/se\/wp-json\/wp\/v2\/tags?post=125415"}],"curies":[{"name":"wp","href":"https:\/\/api.w.org\/{rel}","templated":true}]}}