{"id":125417,"date":"2026-01-04T15:09:21","date_gmt":"2026-01-04T15:09:21","guid":{"rendered":"https:\/\/www.europesays.com\/se\/125417\/"},"modified":"2026-01-04T15:09:21","modified_gmt":"2026-01-04T15:09:21","slug":"avatar-fire-and-ash-traffar-viktig-milstolpe-havar-in-1-miljard-dollar","status":"publish","type":"post","link":"https:\/\/www.europesays.com\/se\/125417\/","title":{"rendered":"&#8221;Avatar: Fire and Ash&#8221; tr\u00e4ffar viktig milstolpe \u2013 h\u00e5var in 1 miljard dollar"},"content":{"rendered":"<p>James Camerons senaste resa \u201dAvatar: Fire and Ash\u201d till Pandora har precis n\u00e5tt den ack s\u00e5 viktiga milstolpen, och dragit in 1 miljard dollar i bioint\u00e4kter v\u00e4rlden \u00f6ver.<\/p>\n<p>Det g\u00f6r honom till den f\u00f6rsta regiss\u00f6ren n\u00e5gonsin som n\u00e5r den summan fyra g\u00e5nger p\u00e5 raken. <\/p>\n<p>Den tredje \u201dAvatar\u201d-filmen kommer knappast dra in lika mycket pengar som de tv\u00e5 f\u00f6rsta (enligt <a href=\"https:\/\/www.worldofreel.com\/blog\/2026\/1\/2\/box-office-the-housemaid-and-marty-supreme-eyeing-20m-weekends\" rel=\"nofollow noopener\" target=\"_blank\">World of Reel<\/a> l\u00e4r summan hamna p\u00e5 n\u00e5gonstans mellan 1,5 och 1,8 miljarder). Trots det, \u00e4r det en imponerande summa vi snackar om.<\/p>\n<p>Speciellt nu n\u00e4r biobes\u00f6ken fortfarande \u00e4r mindre \u00e4n f\u00f6re pandemin, och hotet fr\u00e5n streamingtj\u00e4nsterna \u00e4r st\u00f6rre \u00e4n n\u00e5gonsin.<\/p>\n<p>\u00c4ven h\u00e4r i Sverige \u00e4r st\u00f6det f\u00f6r franchisens stort, i b\u00f6rjan av veckan hade 250 000 personer g\u00e5tt och sett filmen p\u00e5 bio.<\/p>\n<p>Och \u00e4n \u00e4r det inte f\u00f6r sent. F\u00f6nstret mellan biobes\u00f6k och streaming m\u00e5 minska markant, men \u00e4n s\u00e5 l\u00e4nge g\u00e5r det utm\u00e4rkt att f\u00e5nga \u201dAvatar: Fire and Ash\u201d p\u00e5 de stora dukarna.<\/p>\n<p>L\u00e4s ocks\u00e5: <a href=\"https:\/\/www.moviezine.se\/nyheter\/sveriges-storsta-biosucceer-2025-de-10-mest-sedda-filmerna\" title=\"Sveriges st\u00f6rsta biosucc\u00e9er 2025 \u2013 de 10 mest sedda filmerna\" class=\"underline-custom !font-montserrat !font-bold !underline-offset-4 !decoration-4 !decoration-moviezine-green !text-md\" rel=\"nofollow noopener\" target=\"_blank\">Sveriges st\u00f6rsta biosucc\u00e9er 2025 \u2013 de 10 mest sedda filmerna<\/a><\/p>\n<p>Kolla in trailern till \u201dAvatar: Fire and Ash\u201d h\u00e4r:<\/p>\n<p><img loading=\"lazy\" decoding=\"async\" alt=\"YouTube video\" width=\"480\" height=\"360\" data-pin-nopin=\"true\" nopin=\"nopin\" class=\"perfmatters-lazy\" src=\"https:\/\/www.europesays.com\/se\/wp-content\/uploads\/2025\/11\/1764181588_281_hqdefault.jpg\"\/><\/p>\n<p>L\u00e4s ocks\u00e5: <a href=\"https:\/\/www.moviezine.se\/nyheter\/stranger-things-blir-biosucce-har-dragit-in-25-miljoner-dollar\" title=\"\u201dStranger Things\u201d blir biosucc\u00e9 \u2013 har dragit in 25 miljoner dollar\" class=\"underline-custom !font-montserrat !font-bold !underline-offset-4 !decoration-4 !decoration-moviezine-green !text-md\" rel=\"nofollow noopener\" target=\"_blank\">\u201dStranger Things\u201d blir biosucc\u00e9 \u2013 har dragit in 25 miljoner dollar<\/a><\/p>\n<p>L\u00e4s ocks\u00e5: <a href=\"https:\/\/www.moviezine.se\/nyheter\/james-cameron-lovar-avsloja-handlingen-i-avatar-4-och-avatar-5-om-franchisen-laggs-ner\" title=\"James Cameron lovar avsl\u00f6ja handlingen i \u201dAvatar 4\u201d och \u201dAvatar 5\u201d \u2013 om franchisen l\u00e4ggs ner\" class=\"underline-custom !font-montserrat !font-bold !underline-offset-4 !decoration-4 !decoration-moviezine-green !text-md\" rel=\"nofollow noopener\" target=\"_blank\">James Cameron lovar avsl\u00f6ja handlingen i \u201dAvatar 4\u201d och \u201dAvatar 5\u201d \u2013 om franchisen l\u00e4ggs ner<\/a><\/p>\n<p>L\u00e4s ocks\u00e5: <a href=\"https:\/\/www.moviezine.se\/nyheter\/105-000-svenskar-gick-pa-bio-pa-juldagen-har-ar-filmerna-som-lockar-flest\" title=\"105 000 svenskar gick p\u00e5 bio p\u00e5 juldagen \u2013 h\u00e4r \u00e4r filmerna som lockar flest\" class=\"underline-custom !font-montserrat !font-bold !underline-offset-4 !decoration-4 !decoration-moviezine-green !text-md\" rel=\"nofollow noopener\" target=\"_blank\">105 000 svenskar gick p\u00e5 bio p\u00e5 juldagen \u2013 h\u00e4r \u00e4r filmerna som lockar flest<\/a><\/p>\n","protected":false},"excerpt":{"rendered":"James Camerons senaste resa \u201dAvatar: Fire and Ash\u201d till Pandora har precis n\u00e5tt den ack s\u00e5 viktiga milstolpen,&hellip;\n","protected":false},"author":2,"featured_media":125418,"comment_status":"","ping_status":"","sticky":false,"template":"","format":"standard","meta":{"footnotes":""},"categories":[67],"tags":[2113,2389,104,34,31,33,32,30,105],"class_list":{"0":"post-125417","1":"post","2":"type-post","3":"status-publish","4":"format-standard","5":"has-post-thumbnail","7":"category-underhallning","8":"tag-bioaktuellt","9":"tag-box-office","10":"tag-entertainment","11":"tag-se","12":"tag-svenska","13":"tag-sverige","14":"tag-sweden","15":"tag-swedish","16":"tag-underhallning"},"share_on_mastodon":{"url":"https:\/\/pubeurope.com\/@se\/115837466263963186","error":""},"_links":{"self":[{"href":"https:\/\/www.europesays.com\/se\/wp-json\/wp\/v2\/posts\/125417","targetHints":{"allow":["GET"]}}],"collection":[{"href":"https:\/\/www.europesays.com\/se\/wp-json\/wp\/v2\/posts"}],"about":[{"href":"https:\/\/www.europesays.com\/se\/wp-json\/wp\/v2\/types\/post"}],"author":[{"embeddable":true,"href":"https:\/\/www.europesays.com\/se\/wp-json\/wp\/v2\/users\/2"}],"replies":[{"embeddable":true,"href":"https:\/\/www.europesays.com\/se\/wp-json\/wp\/v2\/comments?post=125417"}],"version-history":[{"count":0,"href":"https:\/\/www.europesays.com\/se\/wp-json\/wp\/v2\/posts\/125417\/revisions"}],"wp:featuredmedia":[{"embeddable":true,"href":"https:\/\/www.europesays.com\/se\/wp-json\/wp\/v2\/media\/125418"}],"wp:attachment":[{"href":"https:\/\/www.europesays.com\/se\/wp-json\/wp\/v2\/media?parent=125417"}],"wp:term":[{"taxonomy":"category","embeddable":true,"href":"https:\/\/www.europesays.com\/se\/wp-json\/wp\/v2\/categories?post=125417"},{"taxonomy":"post_tag","embeddable":true,"href":"https:\/\/www.europesays.com\/se\/wp-json\/wp\/v2\/tags?post=125417"}],"curies":[{"name":"wp","href":"https:\/\/api.w.org\/{rel}","templated":true}]}}