{"id":125421,"date":"2026-01-04T15:14:21","date_gmt":"2026-01-04T15:14:21","guid":{"rendered":"https:\/\/www.europesays.com\/se\/125421\/"},"modified":"2026-01-04T15:14:21","modified_gmt":"2026-01-04T15:14:21","slug":"svenska-talangen-visar-upp-karleken-under-tour-de-ski","status":"publish","type":"post","link":"https:\/\/www.europesays.com\/se\/125421\/","title":{"rendered":"Svenska talangen visar upp k\u00e4rleken under Tour de ski"},"content":{"rendered":"<p>Publicerad 4 jan 2026 kl 07.05Uppdaterad kl 13.50<\/p>\n<p>Erica Lav\u00e9n har lagt en mardr\u00f6msh\u00f6st med k\u00f6rtelfeber bakom sig.\u00a0<\/p>\n<p>Nu hon redo f\u00f6r s\u00e4songspremi\u00e4r i USA efter att ha st\u00f6ttat pojkv\u00e4nnen Joe Davies p\u00e5 plats under Tour de ski.<\/p>\n<p>\u2013 Att vara h\u00e4r gjorde mig \u00e4nnu mer taggad p\u00e5 att komma tillbaka, s\u00e4ger hon.\u00a0<\/p>\n<p><img   alt=\"\"\/><\/p>\n<p>Erica Lav\u00e9n efter en seger p\u00e5 Bahaus cup i Boden 2023.<\/p>\n<p>Foto: SIMON ELIASSON \/ BILDBYR\u00c5N<\/p>\n<p>\u00d6ppna bild i helsk\u00e4rm<img loading=\"lazy\"   alt=\"\"\/><\/p>\n<p>Joe Davies.<\/p>\n<p>Foto: ACTION PRESS \/ STELLA PICTURES<\/p>\n<p>\u00d6ppna bild i helsk\u00e4rm<img loading=\"lazy\"   alt=\"\"\/>\u00d6ppna bild i helsk\u00e4rm<img loading=\"lazy\"   alt=\"\"\/>\u00d6ppna bild i helsk\u00e4rm<\/p>\n<p>2024 gjorde Erica Lav\u00e9n, 21, sin sista s\u00e4song som junior \u2013 och den var exceptionell.\u00a0<\/p>\n<p>Hon var p\u00e5 pallen i majoriteten av t\u00e4vlingarna hon st\u00e4llde upp i. Dessutom vann hon JSM-guld i sprint och tog sig \u00e4ven till sprintfinalen under JVM i Planica d\u00e4r hon slutade sexa efter ett fall.<\/p>\n<p>Artikeln i korthet<\/p>\n<p> Erica Lav\u00e9n drabbades av k\u00f6rtelfeber och tvingades till l\u00e5ngt tr\u00e4ningsuppeh\u00e5ll.<\/p>\n<p> Hon \u00e4r tillbaka i tr\u00e4ning och planerar t\u00e4vlingscomeback i USA.<\/p>\n<p> Under Tour de ski visade hon \u00f6ppet sin relation med brittiske Joe Davies.<\/p>\n<p>Visa mer<\/p>\n<p>Det var en s\u00e4song som bef\u00e4ste hennes status som en av Sveriges mest sp\u00e4nnande talanger p\u00e5 damsidan.<\/p>\n<p>Under v\u00e5ren fortsatte Lav\u00e9ns framg\u00e5ngar i USA, d\u00e4r hon studerar p\u00e5 University of Utah, men har i vinter \u00e4nnu inte gjort en enda t\u00e4vling.\u00a0<\/p>\n<p>Nu ber\u00e4ttar hon varf\u00f6r.\u00a0<\/p>\n<p>\u2013 Jag fick k\u00f6rtelfeber i augusti och var tv\u00e5 och en halv m\u00e5nad fr\u00e5n tr\u00e4ning.<\/p>\n<p>Svenska talangens mardr\u00f6msh\u00f6st \u2013 drabbades av k\u00f6rtelfeber<\/p>\n<p>Lav\u00e9n hade precis k\u00f6rt ett rullskidslopp i Norge och skulle tillbaka till USA n\u00e4r hon b\u00f6rjade k\u00e4nna sig v\u00e4ldigt tr\u00f6tt. Hon trodde f\u00f6rst att det berodde p\u00e5 att hon hade rest mycket, men n\u00e4r hon b\u00f6rjade tr\u00e4na igen f\u00f6rstod hon att n\u00e5got var fel.\u00a0<\/p>\n<p>\u2013 Jag har tidigare haft problem med l\u00e5ga j\u00e4rnv\u00e4rden s\u00e5 jag tog blodprov f\u00f6r att testa olika saker, s\u00e4ger hon och forts\u00e4tter:\u00a0<\/p>\n<p>\u2013 L\u00e4karen sa att de skulle testa f\u00f6r k\u00f6rtelfeber ocks\u00e5, men d\u00e5 sa jag bara: \u201ddet \u00e4r lugnt, jag \u00e4r inte sjuk\u201d.<\/p>\n<p>L\u00e4karen valde att genomf\u00f6ra testet \u00e4nd\u00e5. Vilket Lav\u00e9n \u00e4r v\u00e4ldigt tacksam f\u00f6r i dag.\u00a0<\/p>\n<p>\u2013 Jag hade tur som fick svar p\u00e5 att det var k\u00f6rtelfeber, f\u00f6r jag var aldrig riktigt sjuk. Det sl\u00e5r s\u00e5 olika, vissa blir j\u00e4ttesjuka och f\u00e5r j\u00e4tteont i halsen medan andra bara blir otroligt tr\u00f6tta. Jag var otroligt tr\u00f6tt.<\/p>\n<p>\u2013 Det kan ta \u00e5r f\u00f6r folk att komma tillbaka, och d\u00e5 k\u00e4nde jag bara: \u201dskojar du?\u201d. Men det \u00e4r om man g\u00e5r i g\u00e5ng f\u00f6r tidigt.<\/p>\n<p>Nu \u00e4r Lav\u00e9n tillbaka i tr\u00e4ning och planerar att k\u00f6ra tv\u00e5 av fyra lopp som \u00e5terst\u00e5r i USA.\u00a0<\/p>\n<p>\u2013 S\u00e4songen b\u00f6rjar sent i USA, det \u00e4r sk\u00f6nt.\u00a0<\/p>\n<p>Dyker upp med nya k\u00e4rleken<\/p>\n<p>Under <a href=\"https:\/\/www.expressen.se\/tagg\/organization\/tour-de-ski\/\" class=\"\" rel=\"nofollow noopener\" target=\"_blank\">Tour de ski<\/a> d\u00f6k Lav\u00e9n upp i Toblach tillsammans med sin pojkv\u00e4n, den brittiske v\u00e4rldscups\u00e5karen Joe Davies.\u00a0<\/p>\n<p>\u2013 Vi r\u00e5kade hamna p\u00e5 samma college och b\u00f6rjade h\u00e4nga. Det underl\u00e4ttar v\u00e4ldigt mycket att vara tillsammans med en skid\u00e5kare, det \u00e4r n\u00e5gra f\u00e5 som klarar av att vara tillsammans med n\u00e5gon utanf\u00f6r milj\u00f6n, s\u00e4ger hon.\u00a0<\/p>\n<p>Annons<\/p>\n<p><a href=\"https:\/\/www.instagram.com\/p\/DS2mYJIgq6t\/?img_index=1\" data-provider=\"instagram\" class=\"js-social-embed\" rel=\"nofollow noopener\" target=\"_blank\">https:\/\/www.instagram.com\/p\/DS2mYJIgq6t\/?img_index=1<\/a><\/p>\n<p>24-\u00e5rige Davies ber\u00e4ttar att de tr\u00e4ffades n\u00e4r han var flytthj\u00e4lp \u00e5t Lav\u00e9n i Utah.\u00a0<\/p>\n<p>\u2013 Det blev lite strul med boendet f\u00f6r Erica och n\u00e5gra till som beh\u00f6vde flytta snabbt. En av mina kompisar fick ett samtal om vi kunde hj\u00e4lpa till, s\u00e4ger han och ler.\u00a0<\/p>\n<p>\u2013 Och det var b\u00f6rjan p\u00e5 allt!<\/p>\n<p>Nu har de varit tillsammans i n\u00e4stan ett \u00e5r.\u00a0<\/p>\n<p>\u2013 Jag firade jul med Erica och hennes familj i Cortina.<\/p>\n<p><strong>Har du hunnit vara i Sverige ocks\u00e5?<\/strong><\/p>\n<p>\u2013 Jad\u00e5, i somras var jag d\u00e4r flera g\u00e5nger. H\u00e4ngde lite i Stockholm \u2013 och det var j\u00e4ttebra.<\/p>\n<p>N\u00e4r Expressen pratar med Davies st\u00e5r Storbritanniens f\u00f6rbundskapten Jostein Vinjerui en bit bort. Pl\u00f6tsligt ropar han: \u201dFr\u00e5ga om Joe ska gifta sig med henne\u201d.\u00a0<\/p>\n<p>Davies skrattar. \u00a0<\/p>\n<p>\u2013 Kanske inte precis nu. Men p\u00e5 lite l\u00e4ngre sikt, kanske.\u00a0<\/p>\n<p>Lav\u00e9n var p\u00e5 plats under de inledande etapperna, men resten hem innan ny\u00e5r. Att f\u00e5 vara p\u00e5 plats gjorde henne \u00e4n mer taggad p\u00e5 att komma tillbaka till t\u00e4vlingssp\u00e5ren.\u00a0<\/p>\n<p>\u2013 Det var j\u00e4ttekul! Det \u00e4r ju p\u00e5 v\u00e4rldscupen jag vill vara, s\u00e5 man blir sugen.<\/p>\n<p><img alt=\"\"\/>Ljudklippet gick inte att spela upp<\/p>\n<p>F\u00f6rs\u00f6k igen senare<\/p>\n<p><script async src=\"\/\/www.instagram.com\/embed.js\"><\/script><\/p>\n","protected":false},"excerpt":{"rendered":"Publicerad 4 jan 2026 kl 07.05Uppdaterad kl 13.50 Erica Lav\u00e9n har lagt en mardr\u00f6msh\u00f6st med k\u00f6rtelfeber bakom sig.\u00a0&hellip;\n","protected":false},"author":2,"featured_media":125422,"comment_status":"","ping_status":"","sticky":false,"template":"","format":"standard","meta":{"footnotes":""},"categories":[5],"tags":[22,23,26,27,17,21,24,25,28,29,15,16,12204,18,34,857,31,33,32,30,19,20],"class_list":{"0":"post-125421","1":"post","2":"type-post","3":"status-publish","4":"format-standard","5":"has-post-thumbnail","7":"category-rubriker","8":"tag-breaking-news","9":"tag-breakingnews","10":"tag-featured-news","11":"tag-featurednews","12":"tag-headlines","13":"tag-huvudnyheter","14":"tag-latest-news","15":"tag-latestnews","16":"tag-main-news","17":"tag-mainnews","18":"tag-news","19":"tag-nyheter","20":"tag-organization-tour-de-ski","21":"tag-rubriker","22":"tag-se","23":"tag-sections-langdskidor","24":"tag-svenska","25":"tag-sverige","26":"tag-sweden","27":"tag-swedish","28":"tag-top-stories","29":"tag-topstories"},"share_on_mastodon":{"url":"https:\/\/pubeurope.com\/@se\/115837485879109276","error":""},"_links":{"self":[{"href":"https:\/\/www.europesays.com\/se\/wp-json\/wp\/v2\/posts\/125421","targetHints":{"allow":["GET"]}}],"collection":[{"href":"https:\/\/www.europesays.com\/se\/wp-json\/wp\/v2\/posts"}],"about":[{"href":"https:\/\/www.europesays.com\/se\/wp-json\/wp\/v2\/types\/post"}],"author":[{"embeddable":true,"href":"https:\/\/www.europesays.com\/se\/wp-json\/wp\/v2\/users\/2"}],"replies":[{"embeddable":true,"href":"https:\/\/www.europesays.com\/se\/wp-json\/wp\/v2\/comments?post=125421"}],"version-history":[{"count":0,"href":"https:\/\/www.europesays.com\/se\/wp-json\/wp\/v2\/posts\/125421\/revisions"}],"wp:featuredmedia":[{"embeddable":true,"href":"https:\/\/www.europesays.com\/se\/wp-json\/wp\/v2\/media\/125422"}],"wp:attachment":[{"href":"https:\/\/www.europesays.com\/se\/wp-json\/wp\/v2\/media?parent=125421"}],"wp:term":[{"taxonomy":"category","embeddable":true,"href":"https:\/\/www.europesays.com\/se\/wp-json\/wp\/v2\/categories?post=125421"},{"taxonomy":"post_tag","embeddable":true,"href":"https:\/\/www.europesays.com\/se\/wp-json\/wp\/v2\/tags?post=125421"}],"curies":[{"name":"wp","href":"https:\/\/api.w.org\/{rel}","templated":true}]}}