{"id":125423,"date":"2026-01-04T15:16:08","date_gmt":"2026-01-04T15:16:08","guid":{"rendered":"https:\/\/www.europesays.com\/se\/125423\/"},"modified":"2026-01-04T15:16:08","modified_gmt":"2026-01-04T15:16:08","slug":"ryska-flaggor-ar-inte-sa-himla-neutralt-hd","status":"publish","type":"post","link":"https:\/\/www.europesays.com\/se\/125423\/","title":{"rendered":"Ryska flaggor \u00e4r inte s\u00e5 himla neutralt \u2013 HD"},"content":{"rendered":"<p>Ryssen Savelij Korosteljov blev fyra p\u00e5 slutetappen av Tour de Ski i sin neutrala landslagsdr\u00e4kt.<\/p>\n<p>Han hejades fram av fans med ryska flaggor.<\/p>\n<p>\u2013 N\u00e4r det \u00e4r ryska flaggor h\u00e4r \u00e4r det ju inte s\u00e5 himla neutralt, s\u00e4ger svensken Edvin Anger.<\/p>\n<p>Ett antal fans med Rysslandsflaggor hade tagit sig upp till toppen av Alpe Cermis f\u00f6r att ta emot Savelij Korosteljov efter s\u00f6ndagens avslutande etapp av l\u00e4ngdskidornas Tour de Ski.<\/p>\n<p>Tekniskt fel<\/p>\n<p class=\"message__text txt-ui txt-ui-2\">V\u00e4nligen f\u00f6rs\u00f6k igen senare.<\/p>\n<p>Den h\u00e4r artikeln \u00e4r bara f\u00f6r prenumeranter<\/p>\n<p class=\"txt-body txt-body-1\">Om du redan \u00e4r prenumerant: logga in!<\/p>\n","protected":false},"excerpt":{"rendered":"Ryssen Savelij Korosteljov blev fyra p\u00e5 slutetappen av Tour de Ski i sin neutrala landslagsdr\u00e4kt. Han hejades fram&hellip;\n","protected":false},"author":2,"featured_media":125424,"comment_status":"","ping_status":"","sticky":false,"template":"","format":"standard","meta":{"footnotes":""},"categories":[68],"tags":[34,111,110,31,33,32,30],"class_list":{"0":"post-125423","1":"post","2":"type-post","3":"status-publish","4":"format-standard","5":"has-post-thumbnail","7":"category-sport","8":"tag-se","9":"tag-sport","10":"tag-sports","11":"tag-svenska","12":"tag-sverige","13":"tag-sweden","14":"tag-swedish"},"share_on_mastodon":{"url":"https:\/\/pubeurope.com\/@se\/115837493819192645","error":""},"_links":{"self":[{"href":"https:\/\/www.europesays.com\/se\/wp-json\/wp\/v2\/posts\/125423","targetHints":{"allow":["GET"]}}],"collection":[{"href":"https:\/\/www.europesays.com\/se\/wp-json\/wp\/v2\/posts"}],"about":[{"href":"https:\/\/www.europesays.com\/se\/wp-json\/wp\/v2\/types\/post"}],"author":[{"embeddable":true,"href":"https:\/\/www.europesays.com\/se\/wp-json\/wp\/v2\/users\/2"}],"replies":[{"embeddable":true,"href":"https:\/\/www.europesays.com\/se\/wp-json\/wp\/v2\/comments?post=125423"}],"version-history":[{"count":0,"href":"https:\/\/www.europesays.com\/se\/wp-json\/wp\/v2\/posts\/125423\/revisions"}],"wp:featuredmedia":[{"embeddable":true,"href":"https:\/\/www.europesays.com\/se\/wp-json\/wp\/v2\/media\/125424"}],"wp:attachment":[{"href":"https:\/\/www.europesays.com\/se\/wp-json\/wp\/v2\/media?parent=125423"}],"wp:term":[{"taxonomy":"category","embeddable":true,"href":"https:\/\/www.europesays.com\/se\/wp-json\/wp\/v2\/categories?post=125423"},{"taxonomy":"post_tag","embeddable":true,"href":"https:\/\/www.europesays.com\/se\/wp-json\/wp\/v2\/tags?post=125423"}],"curies":[{"name":"wp","href":"https:\/\/api.w.org\/{rel}","templated":true}]}}