{"id":125429,"date":"2026-01-04T15:22:26","date_gmt":"2026-01-04T15:22:26","guid":{"rendered":"https:\/\/www.europesays.com\/se\/125429\/"},"modified":"2026-01-04T15:22:26","modified_gmt":"2026-01-04T15:22:26","slug":"tomasek-malskytt-direkt-i-hemmaaterkomsten-2","status":"publish","type":"post","link":"https:\/\/www.europesays.com\/se\/125429\/","title":{"rendered":"Tomasek m\u00e5lskytt direkt i hemma\u00e5terkomsten"},"content":{"rendered":"<p class=\"boxtextgrotesk-root_baa6 hyperion-css-1w346fg\">Publicerad 2026-01-03 17.45<\/p>\n<p>share-arrowDela<\/p>\n<p>unsaveSpara<\/p>\n<p>expand-left<\/p>\n<p>helsk\u00e4rm<img decoding=\"async\" class=\"image-asset hyperion-css-u06ts1\" data-test-tag=\"image-asset\" src=\"https:\/\/www.europesays.com\/se\/wp-content\/uploads\/2026\/01\/a674faa2-fe09-4de6-b420-135b826150e0.jpeg\"  alt=\"David Tomasek gjorde m\u00e5l i sin f\u00f6rsta hemmamatch sedan \u00e5terkomsten till F\u00e4rjestad, men laget f\u00f6rlorade \u00e4nd\u00e5 stort mot Skellefte\u00e5. Arkivbild.\"  loading=\"eager\" fetchpriority=\"high\" style=\"aspect-ratio:1900 \/ 1267\"\/>David Tomasek gjorde m\u00e5l i sin f\u00f6rsta hemmamatch sedan \u00e5terkomsten till F\u00e4rjestad, men laget f\u00f6rlorade \u00e4nd\u00e5 stort mot Skellefte\u00e5. Arkivbild. Foto: Tommy Pedersen\/TT<\/p>\n<p class=\"hyperion-css-1shl3oz\" data-test-tag=\"lead-text\">David Tomasek var tillbaka p\u00e5 hemmaarenan i Karlstad med F\u00e4rjestad \u2013 och m\u00e5lade direkt.<\/p>\n<p class=\"hyperion-css-1shl3oz\" data-test-tag=\"lead-text\">Men Skellefte\u00e5 kunde v\u00e4nda och vinna med klara 6\u20132.<\/p>\n<p class=\"hyperion-css-1shl3oz\" data-test-tag=\"lead-text\">\u2013 Snabb match. Jag m\u00e4rker ingen skillnad i tempo j\u00e4mf\u00f6rt med NHL, f\u00f6rutom storleken p\u00e5 isen, s\u00e4ger Tomasek till TV4 Play.<\/p>\n<p class=\"hyperion-css-1v9qo5x\">Tidigare i veckan stod det klart att fjol\u00e5rss\u00e4songens po\u00e4ngstarkaste spelare skulle \u00e5terv\u00e4nda till F\u00e4rjestad efter en kort sejour i NHL. Efter en m\u00e5ll\u00f6s insats mot Fr\u00f6lunda fick han revansch i f\u00f6rsta matchen p\u00e5 hemmaplan.<\/p>\n<p class=\"hyperion-css-1v9qo5x\">Tomasek slog till direkt mot Skellefte\u00e5, och gav hemmalaget ledningen efter sex minuter. 29-\u00e5ringen stod ocks\u00e5 f\u00f6r en assist i den f\u00f6rsta perioden n\u00e4r han spelade fram till Joakim Nyg\u00e5rds 2\u20131-m\u00e5l, som var st\u00e4llningen efter f\u00f6rsta perioden.<\/p>\n<p class=\"hyperion-css-1v9qo5x\">I andra perioden kunde Skellefte\u00e5 dock v\u00e4nda till 4\u20132, framf\u00f6rallt genom Jonathan Pudas som stod f\u00f6r tv\u00e5 m\u00e5l och en assist i matchen. I tredje perioden ut\u00f6kade bortalaget b\u00e5de en och tv\u00e5 g\u00e5nger till f\u00f6rkrossande 6\u20132 efter 1+1 av P\u00e4r Lindholm.<\/p>\n<p class=\"hyperion-css-1v9qo5x\">\u2013 Vi m\u00e5ste bli b\u00e4ttre som lag. Om laget blir b\u00e4ttre kommer jag bli b\u00e4ttre ocks\u00e5, s\u00e4ger Tomasek.<\/p>\n","protected":false},"excerpt":{"rendered":"Publicerad 2026-01-03 17.45 share-arrowDela unsaveSpara expand-left helsk\u00e4rmDavid Tomasek gjorde m\u00e5l i sin f\u00f6rsta hemmamatch sedan \u00e5terkomsten till F\u00e4rjestad,&hellip;\n","protected":false},"author":2,"featured_media":125430,"comment_status":"","ping_status":"","sticky":false,"template":"","format":"standard","meta":{"footnotes":""},"categories":[5],"tags":[22,23,26,27,17,21,24,25,28,29,15,16,18,34,31,33,32,30,19,20],"class_list":{"0":"post-125429","1":"post","2":"type-post","3":"status-publish","4":"format-standard","5":"has-post-thumbnail","7":"category-rubriker","8":"tag-breaking-news","9":"tag-breakingnews","10":"tag-featured-news","11":"tag-featurednews","12":"tag-headlines","13":"tag-huvudnyheter","14":"tag-latest-news","15":"tag-latestnews","16":"tag-main-news","17":"tag-mainnews","18":"tag-news","19":"tag-nyheter","20":"tag-rubriker","21":"tag-se","22":"tag-svenska","23":"tag-sverige","24":"tag-sweden","25":"tag-swedish","26":"tag-top-stories","27":"tag-topstories"},"share_on_mastodon":{"url":"https:\/\/pubeurope.com\/@se\/115837517338417888","error":""},"_links":{"self":[{"href":"https:\/\/www.europesays.com\/se\/wp-json\/wp\/v2\/posts\/125429","targetHints":{"allow":["GET"]}}],"collection":[{"href":"https:\/\/www.europesays.com\/se\/wp-json\/wp\/v2\/posts"}],"about":[{"href":"https:\/\/www.europesays.com\/se\/wp-json\/wp\/v2\/types\/post"}],"author":[{"embeddable":true,"href":"https:\/\/www.europesays.com\/se\/wp-json\/wp\/v2\/users\/2"}],"replies":[{"embeddable":true,"href":"https:\/\/www.europesays.com\/se\/wp-json\/wp\/v2\/comments?post=125429"}],"version-history":[{"count":0,"href":"https:\/\/www.europesays.com\/se\/wp-json\/wp\/v2\/posts\/125429\/revisions"}],"wp:featuredmedia":[{"embeddable":true,"href":"https:\/\/www.europesays.com\/se\/wp-json\/wp\/v2\/media\/125430"}],"wp:attachment":[{"href":"https:\/\/www.europesays.com\/se\/wp-json\/wp\/v2\/media?parent=125429"}],"wp:term":[{"taxonomy":"category","embeddable":true,"href":"https:\/\/www.europesays.com\/se\/wp-json\/wp\/v2\/categories?post=125429"},{"taxonomy":"post_tag","embeddable":true,"href":"https:\/\/www.europesays.com\/se\/wp-json\/wp\/v2\/tags?post=125429"}],"curies":[{"name":"wp","href":"https:\/\/api.w.org\/{rel}","templated":true}]}}