{"id":125434,"date":"2026-01-04T15:30:12","date_gmt":"2026-01-04T15:30:12","guid":{"rendered":"https:\/\/www.europesays.com\/se\/125434\/"},"modified":"2026-01-04T15:30:12","modified_gmt":"2026-01-04T15:30:12","slug":"vintersport-svenskorna-missade-pallen-jessie-diggins-vinner-tour-de-ski-for-tredje-gangen","status":"publish","type":"post","link":"https:\/\/www.europesays.com\/se\/125434\/","title":{"rendered":"Vintersport: Svenskorna missade pallen \u2013 Jessie Diggins vinner Tour de Ski f\u00f6r tredje g\u00e5ngen"},"content":{"rendered":"<p>Ebba Andersson hade endast 50 sekunder till pallen inf\u00f6r den sista etappen av Tour de Ski. <\/p>\n<p>Svenskan l\u00e5g bra till stora delar av loppet och s\u00e5g l\u00e4nge ut att vara kandidat f\u00f6r en pallplats. Men hon tappade fart uppf\u00f6r backen och slutade i st\u00e4llet femma i kl\u00e4ttringen. <\/p>\n<p>Det g\u00f6r d\u00e4remot att hon plockar n\u00e5gra placeringar i totalen av Tour de Ski. Andersson l\u00e5g \u00e5tta inf\u00f6r loppet och slutar nu femma \u2013 endast tio sekunder efter norska Heidi Weng p\u00e5 tredjeplatsen. <\/p>\n<p>Norskan Karoline Simpson-Larsen var snabbast i den sista etappen. Tv\u00e5a i kl\u00e4ttringen blev Jessie Diggins \u2013 som med det tar sin tredje totalseger i Tour de Ski. <\/p>\n<p>Andersson blev b\u00e4sta svenska. D\u00e4refter kom Moa Lundgren p\u00e5 plats 13 och Moa Ilar p\u00e5 26:e plats.<\/p>\n<p>Maja Dahlqvist slutade p\u00e5 plats 30 i kl\u00e4ttringen men plockade med sig viktiga po\u00e4ng och tog d\u00e4rmed hem segern i sprintfinalen. <\/p>\n","protected":false},"excerpt":{"rendered":"Ebba Andersson hade endast 50 sekunder till pallen inf\u00f6r den sista etappen av Tour de Ski. Svenskan l\u00e5g&hellip;\n","protected":false},"author":2,"featured_media":125435,"comment_status":"","ping_status":"","sticky":false,"template":"","format":"standard","meta":{"footnotes":""},"categories":[5],"tags":[22,23,26,27,17,21,24,25,28,29,15,16,18,34,31,33,32,30,19,20],"class_list":{"0":"post-125434","1":"post","2":"type-post","3":"status-publish","4":"format-standard","5":"has-post-thumbnail","7":"category-rubriker","8":"tag-breaking-news","9":"tag-breakingnews","10":"tag-featured-news","11":"tag-featurednews","12":"tag-headlines","13":"tag-huvudnyheter","14":"tag-latest-news","15":"tag-latestnews","16":"tag-main-news","17":"tag-mainnews","18":"tag-news","19":"tag-nyheter","20":"tag-rubriker","21":"tag-se","22":"tag-svenska","23":"tag-sverige","24":"tag-sweden","25":"tag-swedish","26":"tag-top-stories","27":"tag-topstories"},"share_on_mastodon":{"url":"https:\/\/pubeurope.com\/@se\/115837548850082721","error":""},"_links":{"self":[{"href":"https:\/\/www.europesays.com\/se\/wp-json\/wp\/v2\/posts\/125434","targetHints":{"allow":["GET"]}}],"collection":[{"href":"https:\/\/www.europesays.com\/se\/wp-json\/wp\/v2\/posts"}],"about":[{"href":"https:\/\/www.europesays.com\/se\/wp-json\/wp\/v2\/types\/post"}],"author":[{"embeddable":true,"href":"https:\/\/www.europesays.com\/se\/wp-json\/wp\/v2\/users\/2"}],"replies":[{"embeddable":true,"href":"https:\/\/www.europesays.com\/se\/wp-json\/wp\/v2\/comments?post=125434"}],"version-history":[{"count":0,"href":"https:\/\/www.europesays.com\/se\/wp-json\/wp\/v2\/posts\/125434\/revisions"}],"wp:featuredmedia":[{"embeddable":true,"href":"https:\/\/www.europesays.com\/se\/wp-json\/wp\/v2\/media\/125435"}],"wp:attachment":[{"href":"https:\/\/www.europesays.com\/se\/wp-json\/wp\/v2\/media?parent=125434"}],"wp:term":[{"taxonomy":"category","embeddable":true,"href":"https:\/\/www.europesays.com\/se\/wp-json\/wp\/v2\/categories?post=125434"},{"taxonomy":"post_tag","embeddable":true,"href":"https:\/\/www.europesays.com\/se\/wp-json\/wp\/v2\/tags?post=125434"}],"curies":[{"name":"wp","href":"https:\/\/api.w.org\/{rel}","templated":true}]}}