{"id":125450,"date":"2026-01-04T15:55:07","date_gmt":"2026-01-04T15:55:07","guid":{"rendered":"https:\/\/www.europesays.com\/se\/125450\/"},"modified":"2026-01-04T15:55:07","modified_gmt":"2026-01-04T15:55:07","slug":"holl-jamna-steg-med-superlaget-en-heroisk-insats-av-tjejerna-nwt","status":"publish","type":"post","link":"https:\/\/www.europesays.com\/se\/125450\/","title":{"rendered":"H\u00f6ll j\u00e4mna steg med superlaget: \u201dEn heroisk insats av tjejerna\u201d &#8211; NWT"},"content":{"rendered":"<ol>\n<li><a href=\"https:\/\/news.google.com\/rss\/articles\/CBMingFBVV95cUxNUGl0VUNmUXk2YnJEaGF0dmVhNnM1LWNRcnZmLTZmMVdyTGdRejkzdlpHQkhaOTVLZnZuWlZxUWlDMDVVaU1fMzlUNjFMTW1uWVg0MVhYenZiQlJBanlFRnNpQnpOY1laUmNNUnZqd2Y2YWJhTzFTZ2lXWXRQM0l3bC04RTV4ZHA1MjQ2VHBhOXpqRzlaRVBZMk9iVXV6Zw?oc=5\" target=\"_blank\" rel=\"nofollow noopener\">H\u00f6ll j\u00e4mna steg med superlaget: \u201dEn heroisk insats av tjejerna\u201d<\/a>&nbsp;&nbsp;NWT<\/li>\n<li><a href=\"https:\/\/news.google.com\/rss\/articles\/CBMilAFBVV95cUxOckpmNmUyd05kTldZeTRNclZoWEx2U0E2YnBxUmY4NHVpY1pSOXRONG11bUdTcTdQLWJ4dEstUmNWOG11U0paY3k4SEZTY0J3SF9nX2NIRUlibWowNk9YalFBR2gtS19rQ20tV3loem1LV0hvQzRBb2kyUG5XcTc0d3VPVHJCb25wclhZQm5pM2NNdExV?oc=5\" target=\"_blank\" rel=\"nofollow noopener\">Team Thorengruppen SK:s segerrad mot Karlstad IBF intakt<\/a>&nbsp;&nbsp;V\u00e4sterbottens-Kuriren<\/li>\n<li><a href=\"https:\/\/news.google.com\/rss\/articles\/CBMiwwFBVV95cUxOME1ubWY1dnBfcVB5QS1IajN0RHQ5NWtaWExCVlZnS3kyeldjSmxkZUVwUnVxVXkzdndlOTQzdEdkWjRQSHNyZ1JDZ3dNYVozZWNseUlwNktBTUtwamh4N2lhMklLOW56cUE4UnNLSER5ODdCWlhreUZhSTBTYVl2d3hRVHluQzRNYmtJWTgydmdZVmtXeUtSZTNDNXZ4X1A3S3ZzZkZOWHpJaDFjLVkydEdEdWN6cDlDN3UyQWRxdWthRDg?oc=5\" target=\"_blank\" rel=\"nofollow noopener\">Ny seger f\u00f6r Team Thorengruppen IBK mot dr\u00f6mmotst\u00e5ndet<\/a>&nbsp;&nbsp;Hallands Nyheter<\/li>\n<li><a href=\"https:\/\/news.google.com\/rss\/articles\/CBMipgFBVV95cUxNLXlvMnMwRHREVFhVQXA3RVFwbWhtSmQydFJrVnluMDZFck91SnRxSXV1TDBVWVpIbVVnTW50NnZ3bjVlV29aUlpzTUNrX0w4d2k3SmRGOUg0Xy03Vjl6N1Bub2tNV0N1SG1pRW42UnZ2cWk4Uk9rZTEtWWFVQkpuSGx4OEowN2JVVTFhaFEwZWdzNHNlcUR1QnhFZmQtdllUU0dxUlB3?oc=5\" target=\"_blank\" rel=\"nofollow noopener\">Ny seger f\u00f6r Team Thorengruppen IBK mot favoritmotst\u00e5ndet<\/a>&nbsp;&nbsp;Innebandymagazinet<\/li>\n<\/ol>\n","protected":false},"excerpt":{"rendered":"H\u00f6ll j\u00e4mna steg med superlaget: \u201dEn heroisk insats av tjejerna\u201d&nbsp;&nbsp;NWT Team Thorengruppen SK:s segerrad mot Karlstad IBF intakt&nbsp;&nbsp;V\u00e4sterbottens-Kuriren&hellip;\n","protected":false},"author":2,"featured_media":125451,"comment_status":"","ping_status":"","sticky":false,"template":"","format":"standard","meta":{"footnotes":""},"categories":[5],"tags":[22,23,26,27,17,21,24,25,28,29,15,16,18,34,31,33,32,30,19,20],"class_list":{"0":"post-125450","1":"post","2":"type-post","3":"status-publish","4":"format-standard","5":"has-post-thumbnail","7":"category-rubriker","8":"tag-breaking-news","9":"tag-breakingnews","10":"tag-featured-news","11":"tag-featurednews","12":"tag-headlines","13":"tag-huvudnyheter","14":"tag-latest-news","15":"tag-latestnews","16":"tag-main-news","17":"tag-mainnews","18":"tag-news","19":"tag-nyheter","20":"tag-rubriker","21":"tag-se","22":"tag-svenska","23":"tag-sverige","24":"tag-sweden","25":"tag-swedish","26":"tag-top-stories","27":"tag-topstories"},"share_on_mastodon":{"url":"https:\/\/pubeurope.com\/@se\/115837647082076774","error":""},"_links":{"self":[{"href":"https:\/\/www.europesays.com\/se\/wp-json\/wp\/v2\/posts\/125450","targetHints":{"allow":["GET"]}}],"collection":[{"href":"https:\/\/www.europesays.com\/se\/wp-json\/wp\/v2\/posts"}],"about":[{"href":"https:\/\/www.europesays.com\/se\/wp-json\/wp\/v2\/types\/post"}],"author":[{"embeddable":true,"href":"https:\/\/www.europesays.com\/se\/wp-json\/wp\/v2\/users\/2"}],"replies":[{"embeddable":true,"href":"https:\/\/www.europesays.com\/se\/wp-json\/wp\/v2\/comments?post=125450"}],"version-history":[{"count":0,"href":"https:\/\/www.europesays.com\/se\/wp-json\/wp\/v2\/posts\/125450\/revisions"}],"wp:featuredmedia":[{"embeddable":true,"href":"https:\/\/www.europesays.com\/se\/wp-json\/wp\/v2\/media\/125451"}],"wp:attachment":[{"href":"https:\/\/www.europesays.com\/se\/wp-json\/wp\/v2\/media?parent=125450"}],"wp:term":[{"taxonomy":"category","embeddable":true,"href":"https:\/\/www.europesays.com\/se\/wp-json\/wp\/v2\/categories?post=125450"},{"taxonomy":"post_tag","embeddable":true,"href":"https:\/\/www.europesays.com\/se\/wp-json\/wp\/v2\/tags?post=125450"}],"curies":[{"name":"wp","href":"https:\/\/api.w.org\/{rel}","templated":true}]}}