{"id":125452,"date":"2026-01-04T15:57:10","date_gmt":"2026-01-04T15:57:10","guid":{"rendered":"https:\/\/www.europesays.com\/se\/125452\/"},"modified":"2026-01-04T15:57:10","modified_gmt":"2026-01-04T15:57:10","slug":"tippar-semifinalerna-i-jvm-sa-kan-sverige-ta-guld-hockey","status":"publish","type":"post","link":"https:\/\/www.europesays.com\/se\/125452\/","title":{"rendered":"Tippar semifinalerna i JVM \u2013 s\u00e5 kan Sverige ta guld | Hockey"},"content":{"rendered":"<p>Publicerad 4 jan 2026 kl 13.39Uppdaterad kl 14.03<\/p>\n<p>PremiumTv\u00e5 h\u00f6gdramatiska semifinaler stundar i JVM.<\/p>\n<p>Expressens Adam Johansson och Sanny Lindstr\u00f6m synar nu b\u00e5da \u2013 och tippar vilka tv\u00e5 nationer som kommer g\u00f6ra upp om guldet.\u00a0<\/p>\n<p>\u2713 Svenska upplagen: \u201dG\u00e5r inte att sticka h\u00e5l p\u00e5 n\u00e5got\u201d\u00a0<\/p>\n<p>\u2713 Enskilt st\u00f6rsta anledningen till att de vann i fjol \u2013 \u00e4r kvar<\/p>\n<p>\u2713 \u201dSpelare f\u00f6r spelare trumfar Kanada alla andra landslag\u201d\u00a0<\/p>\n<p>\u2713 S\u00e5 slutar semifinalerna<\/p>\n<p><img   alt=\"\"\/>\u00d6ppna bild i helsk\u00e4rm<\/p>\n","protected":false},"excerpt":{"rendered":"Publicerad 4 jan 2026 kl 13.39Uppdaterad kl 14.03 PremiumTv\u00e5 h\u00f6gdramatiska semifinaler stundar i JVM. Expressens Adam Johansson och&hellip;\n","protected":false},"author":2,"featured_media":125453,"comment_status":"","ping_status":"","sticky":false,"template":"","format":"standard","meta":{"footnotes":""},"categories":[68],"tags":[5945,103,34,255,111,110,31,33,32,30],"class_list":{"0":"post-125452","1":"post","2":"type-post","3":"status-publish","4":"format-standard","5":"has-post-thumbnail","7":"category-sport","8":"tag-organization-jvm","9":"tag-premium","10":"tag-se","11":"tag-sections-ishockey","12":"tag-sport","13":"tag-sports","14":"tag-svenska","15":"tag-sverige","16":"tag-sweden","17":"tag-swedish"},"share_on_mastodon":{"url":"https:\/\/pubeurope.com\/@se\/115837655038812810","error":""},"_links":{"self":[{"href":"https:\/\/www.europesays.com\/se\/wp-json\/wp\/v2\/posts\/125452","targetHints":{"allow":["GET"]}}],"collection":[{"href":"https:\/\/www.europesays.com\/se\/wp-json\/wp\/v2\/posts"}],"about":[{"href":"https:\/\/www.europesays.com\/se\/wp-json\/wp\/v2\/types\/post"}],"author":[{"embeddable":true,"href":"https:\/\/www.europesays.com\/se\/wp-json\/wp\/v2\/users\/2"}],"replies":[{"embeddable":true,"href":"https:\/\/www.europesays.com\/se\/wp-json\/wp\/v2\/comments?post=125452"}],"version-history":[{"count":0,"href":"https:\/\/www.europesays.com\/se\/wp-json\/wp\/v2\/posts\/125452\/revisions"}],"wp:featuredmedia":[{"embeddable":true,"href":"https:\/\/www.europesays.com\/se\/wp-json\/wp\/v2\/media\/125453"}],"wp:attachment":[{"href":"https:\/\/www.europesays.com\/se\/wp-json\/wp\/v2\/media?parent=125452"}],"wp:term":[{"taxonomy":"category","embeddable":true,"href":"https:\/\/www.europesays.com\/se\/wp-json\/wp\/v2\/categories?post=125452"},{"taxonomy":"post_tag","embeddable":true,"href":"https:\/\/www.europesays.com\/se\/wp-json\/wp\/v2\/tags?post=125452"}],"curies":[{"name":"wp","href":"https:\/\/api.w.org\/{rel}","templated":true}]}}