{"id":125456,"date":"2026-01-04T16:04:11","date_gmt":"2026-01-04T16:04:11","guid":{"rendered":"https:\/\/www.europesays.com\/se\/125456\/"},"modified":"2026-01-04T16:04:11","modified_gmt":"2026-01-04T16:04:11","slug":"en-ur-fartyget-fitburgs-besattning-har-haktats","status":"publish","type":"post","link":"https:\/\/www.europesays.com\/se\/125456\/","title":{"rendered":"En ur fartyget Fitburgs bes\u00e4ttning har h\u00e4ktats"},"content":{"rendered":"<p><a data-test-tag=\"internal-link\" href=\"https:\/\/www.aftonbladet.se\/av\/oskar-forsberg\" class=\"hyperion-css-13ns1rr\" rel=\"nofollow noopener\" target=\"\" aria-label=\"Se alla artiklar av Oskar Forsberg\"><img decoding=\"async\" class=\"image-asset hyperion-css-n6kkq1\" data-test-tag=\"image-asset\" src=\"https:\/\/www.europesays.com\/se\/wp-content\/uploads\/2026\/01\/1767542648_862_a3a72f59-a972-44b2-b571-2462f5ee274a.png\"  alt=\"\"  loading=\"lazy\" fetchpriority=\"auto\" style=\"aspect-ratio:1900 \/ 1900\"\/><\/a><\/p>\n<p class=\"boxtextgrotesk-root_baa6 hyperion-css-7pajle\">Uppdaterad 16.54 | Publicerad 16.09<\/p>\n<p>share-arrowDela<\/p>\n<p>unsaveSpara<\/p>\n<p class=\"hyperion-css-1shl3oz\" data-test-tag=\"lead-text\">H\u00e4r sl\u00e5r Bj\u00f6rnligan till mot fartyget Fitburg.<\/p>\n<p class=\"hyperion-css-1shl3oz\" data-test-tag=\"lead-text\">En i bes\u00e4ttningen har nu h\u00e4ktats.<\/p>\n<p class=\"hyperion-css-1shl3oz\" data-test-tag=\"lead-text\">Mannen misst\u00e4nks ligga bakom kabelbrotten i Finska viken, enligt Iltalehti.<\/p>\n<p><img decoding=\"async\" src=\"https:\/\/www.europesays.com\/se\/wp-content\/uploads\/2026\/01\/baf63684f9d6cc6d28435276d1c8cdff.jpg\" class=\"thumbnail-image_fbfd thumbnail-portrait_fbfd\" alt=\"H\u00e4r bordar polisen lastfartyget efter kabelsabotage\"\/><\/p>\n<p>H\u00e4r bordar polisen lastfartyget efter kabelsabotage<\/p>\n<p>0:36<\/p>\n<p class=\"hyperion-css-1v9qo5x\">I en dramatisk film publicerad av polisen i Helsingfors ser man hur den finska polisens beredskapsenhet, den s\u00e5 kallade Bj\u00f6rnligan, sl\u00e5r till mot fartyget Fitburg.<\/p>\n<p class=\"hyperion-css-1v9qo5x\">I insatsen bordade man fartyget genom att fira ner sig fr\u00e5n en helikopter.<\/p>\n<p class=\"hyperion-css-1v9qo5x\">B\u00e5ten misst\u00e4nks ligga bakom de kabelbrott som intr\u00e4ffade i Finska viken p\u00e5 ny\u00e5rsafton. Fartygets 14 bes\u00e4ttningsm\u00e4n kunde gripas i r\u00e4den.<\/p>\n<p class=\"hyperion-css-1v9qo5x\">I utredningen om kabelbrotten mellan <a data-test-tag=\"internal-link\" href=\"https:\/\/www.aftonbladet.se\/tagg\/finland\" class=\"hyperion-css-15jkft9\" rel=\"nofollow noopener\" target=\"\" aria-label=\"Finland\">Finland<\/a>, <a data-test-tag=\"internal-link\" href=\"https:\/\/www.aftonbladet.se\/tagg\/estland\" class=\"hyperion-css-15jkft9\" rel=\"nofollow noopener\" target=\"\" aria-label=\"Estland\">Estland<\/a> och <a data-test-tag=\"internal-link\" href=\"https:\/\/www.aftonbladet.se\/tagg\/sverige\" class=\"hyperion-css-15jkft9\" rel=\"nofollow noopener\" target=\"\" aria-label=\"Sverige\">Sverige<\/a> har man nu ocks\u00e5 gjort nya fynd.<\/p>\n<p class=\"hyperion-css-1v9qo5x\">Fitburg, som r\u00f6rde sig i omr\u00e5det vid tiden f\u00f6r incidenterna, misst\u00e4nks ha sl\u00e4pat sitt stora ankare flera kilometer.<\/p>\n<p>expand-left<\/p>\n<p>helsk\u00e4rm<img decoding=\"async\" class=\"image-asset hyperion-css-u06ts1\" data-test-tag=\"image-asset\" src=\"https:\/\/www.europesays.com\/se\/wp-content\/uploads\/2026\/01\/7f72ce69-2bff-4f62-b5b7-13c141203e4a.jpeg\"  alt=\"Polisen ska ha hittat ett l\u00e5ngt sl\u00e4psp\u00e5r p\u00e5 havsbotten. \"  loading=\"eager\" fetchpriority=\"high\" style=\"aspect-ratio:920 \/ 613\"\/>Polisen ska ha hittat ett l\u00e5ngt sl\u00e4psp\u00e5r p\u00e5 havsbotten. Foto: Finska Gr\u00e4nbevakningen <\/p>\n<p>expand-left<\/p>\n<p>helsk\u00e4rm<img decoding=\"async\" class=\"image-asset hyperion-css-u06ts1\" data-test-tag=\"image-asset\" src=\"https:\/\/www.europesays.com\/se\/wp-content\/uploads\/2026\/01\/1615b62c-049c-48b1-b8f1-83d7871f1516.jpeg\"  alt=\"\"  loading=\"eager\" fetchpriority=\"high\" style=\"aspect-ratio:920 \/ 1024\"\/> Foto: Finska Gr\u00e4nbevakningen Tio kilometer l\u00e5ngt sp\u00e5r<\/p>\n<p class=\"hyperion-css-1v9qo5x\">Polisen ska ha hittat ett l\u00e5ngt sl\u00e4psp\u00e5r i unders\u00f6kningarna av havsbottnen, <a aria-label=\"enligt Yle. \" class=\"default hyperion-css-15jkft9\" href=\"https:\/\/yle.fi\/a\/7-10090826\" rel=\"noopener nofollow noreferrer\" data-test-tag=\"external-link\" target=\"_blank\">enligt Yle. <\/a><\/p>\n<p class=\"hyperion-css-1v9qo5x\">Fartyget Fitburg var p\u00e5 v\u00e4g fr\u00e5n S:t Petersburg i Ryssland till Haifa i Israel n\u00e4r Bj\u00f6rnligan slog till.<\/p>\n<p class=\"hyperion-css-1v9qo5x\">Polisen rubricerar \u00e4rendet som misst\u00e4nkt grov skadeg\u00f6relse, misst\u00e4nkt f\u00f6rs\u00f6k till grov skadeg\u00f6relse och misst\u00e4nkt grovt st\u00f6rande av post- och teletrafik.<\/p>\n<p class=\"hyperion-css-1v9qo5x\">Enligt Yle ska en ur Fitburgs bes\u00e4ttning nu ha h\u00e4ktats, misst\u00e4nkt f\u00f6r brotten.<\/p>\n<p>expand-left<\/p>\n<p>helsk\u00e4rm<img decoding=\"async\" class=\"image-asset hyperion-css-u06ts1\" data-test-tag=\"image-asset\" src=\"https:\/\/www.europesays.com\/se\/wp-content\/uploads\/2026\/01\/9fb50134-2601-488c-81f0-49da07b9c311.jpeg\"  alt=\"Fartyget i hamnen i Kantvik i Kirkkonummi, p\u00e5 s\u00f6ndagen. \"  loading=\"eager\" fetchpriority=\"high\" style=\"aspect-ratio:1900 \/ 1885\"\/>Fartyget i hamnen i Kantvik i Kirkkonummi, p\u00e5 s\u00f6ndagen. Foto: Markku Ulander\/AP<\/p>\n<p>expand-left<\/p>\n<p>helsk\u00e4rm<img decoding=\"async\" class=\"image-asset hyperion-css-u06ts1\" data-test-tag=\"image-asset\" src=\"https:\/\/www.europesays.com\/se\/wp-content\/uploads\/2026\/01\/5848b722-08a1-4030-8cb3-cb9e11b37f11.jpeg\"  alt=\"Fartyget Fitburg, i bakgrunden, har beslagtagits av finska myndigheter.\"  loading=\"eager\" fetchpriority=\"high\" style=\"aspect-ratio:1200 \/ 675\"\/>Fartyget Fitburg, i bakgrunden, har beslagtagits av finska myndigheter. Foto: Finlands Gr\u00e4nsbevakningSk\u00e4ligen misst\u00e4nkt<\/p>\n<p class=\"hyperion-css-1v9qo5x\">Han h\u00e4ktades i Helsingfors tingsr\u00e4tt som sk\u00e4ligen misst\u00e4nkt, den l\u00e4gre misstankegraden.<\/p>\n<p class=\"hyperion-css-1v9qo5x\">Den h\u00e4ktade \u00e4r azerbajdzjansk medborgare och har enligt\u00a0<a aria-label=\"Iltalehti\" class=\"default hyperion-css-15jkft9\" href=\"https:\/\/www.iltalehti.fi\/kotimaa\/a\/1ff8d40a-f039-4af2-a775-3c9868fc247e\" rel=\"noopener nofollow noreferrer\" data-test-tag=\"external-link\" target=\"_blank\">Iltalehti<\/a>\u00a0en tolk som tolkar till ryska.<\/p>\n<p class=\"hyperion-css-1v9qo5x\">Fartygets bes\u00e4ttning best\u00e5r av 14 personer.<\/p>\n<p class=\"hyperion-css-1v9qo5x\">Det har tidigare meddelats att de \u00e4r medborgare i Ryssland, Georgien, Kazakstan och Azerbajdzjan.<\/p>\n<p>expand-left<\/p>\n<p>helsk\u00e4rm<img decoding=\"async\" class=\"image-asset hyperion-css-u06ts1\" data-test-tag=\"image-asset\" src=\"https:\/\/www.europesays.com\/se\/wp-content\/uploads\/2026\/01\/b9bfc62d-80ff-46f4-b009-4ccac070b422.png\"  alt=\"Fartyget Fitburg ska ha varit p\u00e5 v\u00e4g fr\u00e5n S:t Petersburg till Haifa i Israel.\"  loading=\"eager\" fetchpriority=\"high\" style=\"aspect-ratio:898 \/ 615\"\/>Fartyget Fitburg ska ha varit p\u00e5 v\u00e4g fr\u00e5n S:t Petersburg till Haifa i Israel. Foto: Marinetraffic.Com<\/p>\n","protected":false},"excerpt":{"rendered":"Uppdaterad 16.54 | Publicerad 16.09 share-arrowDela unsaveSpara H\u00e4r sl\u00e5r Bj\u00f6rnligan till mot fartyget Fitburg. En i bes\u00e4ttningen har&hellip;\n","protected":false},"author":2,"featured_media":125457,"comment_status":"","ping_status":"","sticky":false,"template":"","format":"standard","meta":{"footnotes":""},"categories":[5],"tags":[22,23,26,27,17,21,24,25,28,29,15,16,18,34,31,33,32,30,19,20],"class_list":{"0":"post-125456","1":"post","2":"type-post","3":"status-publish","4":"format-standard","5":"has-post-thumbnail","7":"category-rubriker","8":"tag-breaking-news","9":"tag-breakingnews","10":"tag-featured-news","11":"tag-featurednews","12":"tag-headlines","13":"tag-huvudnyheter","14":"tag-latest-news","15":"tag-latestnews","16":"tag-main-news","17":"tag-mainnews","18":"tag-news","19":"tag-nyheter","20":"tag-rubriker","21":"tag-se","22":"tag-svenska","23":"tag-sverige","24":"tag-sweden","25":"tag-swedish","26":"tag-top-stories","27":"tag-topstories"},"share_on_mastodon":{"url":"https:\/\/pubeurope.com\/@se\/115837682558480435","error":""},"_links":{"self":[{"href":"https:\/\/www.europesays.com\/se\/wp-json\/wp\/v2\/posts\/125456","targetHints":{"allow":["GET"]}}],"collection":[{"href":"https:\/\/www.europesays.com\/se\/wp-json\/wp\/v2\/posts"}],"about":[{"href":"https:\/\/www.europesays.com\/se\/wp-json\/wp\/v2\/types\/post"}],"author":[{"embeddable":true,"href":"https:\/\/www.europesays.com\/se\/wp-json\/wp\/v2\/users\/2"}],"replies":[{"embeddable":true,"href":"https:\/\/www.europesays.com\/se\/wp-json\/wp\/v2\/comments?post=125456"}],"version-history":[{"count":0,"href":"https:\/\/www.europesays.com\/se\/wp-json\/wp\/v2\/posts\/125456\/revisions"}],"wp:featuredmedia":[{"embeddable":true,"href":"https:\/\/www.europesays.com\/se\/wp-json\/wp\/v2\/media\/125457"}],"wp:attachment":[{"href":"https:\/\/www.europesays.com\/se\/wp-json\/wp\/v2\/media?parent=125456"}],"wp:term":[{"taxonomy":"category","embeddable":true,"href":"https:\/\/www.europesays.com\/se\/wp-json\/wp\/v2\/categories?post=125456"},{"taxonomy":"post_tag","embeddable":true,"href":"https:\/\/www.europesays.com\/se\/wp-json\/wp\/v2\/tags?post=125456"}],"curies":[{"name":"wp","href":"https:\/\/api.w.org\/{rel}","templated":true}]}}