{"id":125460,"date":"2026-01-04T16:07:32","date_gmt":"2026-01-04T16:07:32","guid":{"rendered":"https:\/\/www.europesays.com\/se\/125460\/"},"modified":"2026-01-04T16:07:32","modified_gmt":"2026-01-04T16:07:32","slug":"warwick-davis-om-nya-harry-potter-mer-djup-och-detaljer","status":"publish","type":"post","link":"https:\/\/www.europesays.com\/se\/125460\/","title":{"rendered":"Warwick Davis om nya &#8221;Harry Potter&#8221;: &#8221;Mer djup och detaljer&#8221;"},"content":{"rendered":"<p>S\u00e5 l\u00e5ngt vi vet \u00e4r Warwick Davis de ende sk\u00e5despelare fr\u00e5n \u201dHarry Potter\u201d-filmerna som \u00e5terv\u00e4nder till den kommande tv-serien. Vilket kanske inte \u00e4r konstigt, redan d\u00e5 hoppade han in i tre olika roller.<\/p>\n<p>Den fr\u00e4msta av dem var dock professor\u00a0Filius Flitwick, ansvarig f\u00f6r lektionerna i trollformler, och den roll han nu \u00e5terv\u00e4nder till.<\/p>\n<p>I en aktuell intervju med Times Radio (som <a href=\"https:\/\/x.com\/WW_Direct\/status\/2007353215319240806\" rel=\"nofollow\">Wizarding World Direct<\/a> har lyssnat p\u00e5), pratar Warwick bland annat om hur det k\u00e4nns att vara tillbaka:<\/p>\n<p>L\u00e4s ocks\u00e5: <a href=\"https:\/\/www.moviezine.se\/nyheter\/inga-langa-pauser-for-skadespelarna-i-harry-potter-serien\" title=\"Ingen l\u00e5ng v\u00e4ntan mellan s\u00e4songerna av \u201dHarry Potter\u201d-serien\" class=\"underline-custom !font-montserrat !font-bold !underline-offset-4 !decoration-4 !decoration-moviezine-green !text-md\" rel=\"nofollow noopener\" target=\"_blank\">Ingen l\u00e5ng v\u00e4ntan mellan s\u00e4songerna av \u201dHarry Potter\u201d-serien<\/a><\/p>\n<p>\u2013 Det \u00e4r konstigt att vara tillbaka i samma studior igen och g\u00f6ra om allt, eftersom Leavesden \u00e4r platsen d\u00e4r vi spelade in filmerna.<\/p>\n<p>Samma historia ber\u00e4ttas igen, vilket inneb\u00e4r upplevelser f\u00f6r Warwick Davis p\u00e5 inspelningsplatsen. F\u00f6r publiken finns det en tydlig f\u00f6rdel med det nya formatet.<\/p>\n<p>\u2013 Jag kan inte s\u00e4ga s\u00e5 mycket mer \u00e4n att vi \u00e5terber\u00e4ttar de h\u00e4r underbara historierna, men med mer djup och detaljer \u00e4n tidigare. Det \u00e4r v\u00e4ldigt trogna adaptioner av boken.<\/p>\n<p>L\u00e4s ocks\u00e5: <a href=\"https:\/\/www.moviezine.se\/nyheter\/nya-harry-potter-skadisen-fick-brev-fran-daniel-radcliffe-helt-galet\" title=\"Nya Harry Potter-sk\u00e5disen fick brev fr\u00e5n Daniel Radcliffe: \u201cHelt galet\u201d\" class=\"underline-custom !font-montserrat !font-bold !underline-offset-4 !decoration-4 !decoration-moviezine-green !text-md\" rel=\"nofollow noopener\" target=\"_blank\">Nya Harry Potter-sk\u00e5disen fick brev fr\u00e5n Daniel Radcliffe: \u201cHelt galet\u201d<\/a><\/p>\n<p>L\u00e4s ocks\u00e5: <a href=\"https:\/\/www.moviezine.se\/nyheter\/harry-potter-tvillingarna-avslojar-hogwarts-luktade-smutsiga-strumpor\" title=\"\u201dHarry Potter\u201d-tvillingarna avsl\u00f6jar: Hogwarts luktade smutsiga strumpor\" class=\"underline-custom !font-montserrat !font-bold !underline-offset-4 !decoration-4 !decoration-moviezine-green !text-md\" rel=\"nofollow noopener\" target=\"_blank\">\u201dHarry Potter\u201d-tvillingarna avsl\u00f6jar: Hogwarts luktade smutsiga strumpor<\/a><\/p>\n<p>L\u00e4s ocks\u00e5: <a href=\"https:\/\/www.moviezine.se\/nyheter\/de-spelar-harry-potter-ron-och-hermione-i-nya-tv-serien-over-30-000-provfilmade\" title=\"De spelar Harry Potter, Ron och Hermione i nya tv-serien \u2013 \u00f6ver 30 000 provfilmade\" class=\"underline-custom !font-montserrat !font-bold !underline-offset-4 !decoration-4 !decoration-moviezine-green !text-md\" rel=\"nofollow noopener\" target=\"_blank\">De spelar Harry Potter, Ron och Hermione i nya tv-serien \u2013 \u00f6ver 30 000 provfilmade<\/a><\/p>\n","protected":false},"excerpt":{"rendered":"S\u00e5 l\u00e5ngt vi vet \u00e4r Warwick Davis de ende sk\u00e5despelare fr\u00e5n \u201dHarry Potter\u201d-filmerna som \u00e5terv\u00e4nder till den kommande&hellip;\n","protected":false},"author":2,"featured_media":125461,"comment_status":"","ping_status":"","sticky":false,"template":"","format":"standard","meta":{"footnotes":""},"categories":[67],"tags":[2118,104,2454,3001,34,31,33,32,30,105],"class_list":{"0":"post-125460","1":"post","2":"type-post","3":"status-publish","4":"format-standard","5":"has-post-thumbnail","7":"category-underhallning","8":"tag-bakom-kulisserna","9":"tag-entertainment","10":"tag-harry-potter","11":"tag-hbo-max","12":"tag-se","13":"tag-svenska","14":"tag-sverige","15":"tag-sweden","16":"tag-swedish","17":"tag-underhallning"},"share_on_mastodon":{"url":"https:\/\/pubeurope.com\/@se\/115837694397653432","error":""},"_links":{"self":[{"href":"https:\/\/www.europesays.com\/se\/wp-json\/wp\/v2\/posts\/125460","targetHints":{"allow":["GET"]}}],"collection":[{"href":"https:\/\/www.europesays.com\/se\/wp-json\/wp\/v2\/posts"}],"about":[{"href":"https:\/\/www.europesays.com\/se\/wp-json\/wp\/v2\/types\/post"}],"author":[{"embeddable":true,"href":"https:\/\/www.europesays.com\/se\/wp-json\/wp\/v2\/users\/2"}],"replies":[{"embeddable":true,"href":"https:\/\/www.europesays.com\/se\/wp-json\/wp\/v2\/comments?post=125460"}],"version-history":[{"count":0,"href":"https:\/\/www.europesays.com\/se\/wp-json\/wp\/v2\/posts\/125460\/revisions"}],"wp:featuredmedia":[{"embeddable":true,"href":"https:\/\/www.europesays.com\/se\/wp-json\/wp\/v2\/media\/125461"}],"wp:attachment":[{"href":"https:\/\/www.europesays.com\/se\/wp-json\/wp\/v2\/media?parent=125460"}],"wp:term":[{"taxonomy":"category","embeddable":true,"href":"https:\/\/www.europesays.com\/se\/wp-json\/wp\/v2\/categories?post=125460"},{"taxonomy":"post_tag","embeddable":true,"href":"https:\/\/www.europesays.com\/se\/wp-json\/wp\/v2\/tags?post=125460"}],"curies":[{"name":"wp","href":"https:\/\/api.w.org\/{rel}","templated":true}]}}