{"id":125462,"date":"2026-01-04T16:08:07","date_gmt":"2026-01-04T16:08:07","guid":{"rendered":"https:\/\/www.europesays.com\/se\/125462\/"},"modified":"2026-01-04T16:08:07","modified_gmt":"2026-01-04T16:08:07","slug":"nu-laggs-copilot-vision-till-i-aktivitetsfaltet","status":"publish","type":"post","link":"https:\/\/www.europesays.com\/se\/125462\/","title":{"rendered":"Nu l\u00e4ggs Copilot Vision till i aktivitetsf\u00e4ltet"},"content":{"rendered":"<p>F\u00f6rra \u00e5ret lanserades Copilot Vision, en ny funktion i webbl\u00e4saren Edge som g\u00f6r det m\u00f6jligt f\u00f6r AI-assistenten att ta del av det som syns p\u00e5 din sk\u00e4rm.<\/p>\n<p>Senaste nytt \u00e4r att Microsoft har lagt till st\u00f6d f\u00f6r Copilot Vision direkt i aktivitetsf\u00e4ltet f\u00f6r Windows 11, detta via ett nytt alternativ som kallas f\u00f6r Share with Copilot (Dela med Copilot).<\/p>\n<p>Om du till exempel vill ha hj\u00e4lp med att svara p\u00e5 ett mejl kan du \u00f6ppna Outlook och dela med dig av inneh\u00e5llet i f\u00f6nstret med Copilot, rapporterar <a href=\"https:\/\/idg.digidip.net\/visit?url=https:\/\/www.windowslatest.com\/2026\/01\/03\/microsoft-wants-to-let-you-share-app-windows-with-copilot-right-from-the-windows-11-taskbar\/&amp;currurl=https:\/\/www.pcforalla.se\/article\/3022496\/nu-laggs-copilot-vision-till-i-aktivitetsfaltet.html&amp;ref=8-1-3022496-1-0-0-0-0\" data-type=\"link\" data-id=\"https:\/\/www.windowslatest.com\/2026\/01\/03\/microsoft-wants-to-let-you-share-app-windows-with-copilot-right-from-the-windows-11-taskbar\/\" rel=\"nofollow noopener\" data-subtag=\"8-1-3022496-1-0-0-0-0\" data-domain-name=\"windowslatest\" target=\"_blank\">Windows Latest<\/a>.<\/p>\n<p>F\u00f6rst ut \u00e4r s\u00e5 kallade Copilot Plus-datorer, men troligtvis kommer funktionen att rullas ut till fler datormodeller under de n\u00e4rmsta m\u00e5naderna.<\/p>\n","protected":false},"excerpt":{"rendered":"F\u00f6rra \u00e5ret lanserades Copilot Vision, en ny funktion i webbl\u00e4saren Edge som g\u00f6r det m\u00f6jligt f\u00f6r AI-assistenten att&hellip;\n","protected":false},"author":2,"featured_media":125463,"comment_status":"","ping_status":"","sticky":false,"template":"","format":"standard","meta":{"footnotes":""},"categories":[66],"tags":[80,78,79,34,31,33,32,30,81,84,83,82],"class_list":{"0":"post-125462","1":"post","2":"type-post","3":"status-publish","4":"format-standard","5":"has-post-thumbnail","7":"category-vetenskap-och-teknik","8":"tag-science","9":"tag-science-and-technology","10":"tag-scienceandtechnology","11":"tag-se","12":"tag-svenska","13":"tag-sverige","14":"tag-sweden","15":"tag-swedish","16":"tag-technology","17":"tag-teknik","18":"tag-vetenskap","19":"tag-vetenskapteknik"},"share_on_mastodon":{"url":"https:\/\/pubeurope.com\/@se\/115837698250820452","error":""},"_links":{"self":[{"href":"https:\/\/www.europesays.com\/se\/wp-json\/wp\/v2\/posts\/125462","targetHints":{"allow":["GET"]}}],"collection":[{"href":"https:\/\/www.europesays.com\/se\/wp-json\/wp\/v2\/posts"}],"about":[{"href":"https:\/\/www.europesays.com\/se\/wp-json\/wp\/v2\/types\/post"}],"author":[{"embeddable":true,"href":"https:\/\/www.europesays.com\/se\/wp-json\/wp\/v2\/users\/2"}],"replies":[{"embeddable":true,"href":"https:\/\/www.europesays.com\/se\/wp-json\/wp\/v2\/comments?post=125462"}],"version-history":[{"count":0,"href":"https:\/\/www.europesays.com\/se\/wp-json\/wp\/v2\/posts\/125462\/revisions"}],"wp:featuredmedia":[{"embeddable":true,"href":"https:\/\/www.europesays.com\/se\/wp-json\/wp\/v2\/media\/125463"}],"wp:attachment":[{"href":"https:\/\/www.europesays.com\/se\/wp-json\/wp\/v2\/media?parent=125462"}],"wp:term":[{"taxonomy":"category","embeddable":true,"href":"https:\/\/www.europesays.com\/se\/wp-json\/wp\/v2\/categories?post=125462"},{"taxonomy":"post_tag","embeddable":true,"href":"https:\/\/www.europesays.com\/se\/wp-json\/wp\/v2\/tags?post=125462"}],"curies":[{"name":"wp","href":"https:\/\/api.w.org\/{rel}","templated":true}]}}