{"id":125464,"date":"2026-01-04T16:12:12","date_gmt":"2026-01-04T16:12:12","guid":{"rendered":"https:\/\/www.europesays.com\/se\/125464\/"},"modified":"2026-01-04T16:12:12","modified_gmt":"2026-01-04T16:12:12","slug":"hennes-son-dog-i-branden-i-crans-montana","status":"publish","type":"post","link":"https:\/\/www.europesays.com\/se\/125464\/","title":{"rendered":"Hennes son dog i branden i Crans-Montana"},"content":{"rendered":"<p><strong>CRANS-MONTANA <\/strong>N\u00e4r SvD tr\u00e4ffade La\u00ebtitia Brodard ett drygt dygn efter brandkatastrofen p\u00e5 nattklubben i Crans-Montana hade hon fr\u00e4mst en \u00f6nskan: att <a href=\"https:\/\/www.svd.se\/a\/QJoA4x\" rel=\"nofollow noopener\" target=\"_blank\">f\u00e5 veta vad<\/a> som h\u00e4nt hennes 16-\u00e5rige son Arthur. <\/p>\n<p>Efter 40 timmar hade flertalet familjer \u00e4nnu inte f\u00e5tt besked om deras barn \u00f6verlevt den v\u00e5ldsamma branden. M\u00e5nga var frustrerade och arga \u00f6ver tystnaden fr\u00e5n myndigheterna, och hoppades innerligt att deras barn fanns p\u00e5 n\u00e5got sjukhus. <\/p>\n","protected":false},"excerpt":{"rendered":"CRANS-MONTANA N\u00e4r SvD tr\u00e4ffade La\u00ebtitia Brodard ett drygt dygn efter brandkatastrofen p\u00e5 nattklubben i Crans-Montana hade hon fr\u00e4mst&hellip;\n","protected":false},"author":2,"featured_media":125465,"comment_status":"","ping_status":"","sticky":false,"template":"","format":"standard","meta":{"footnotes":""},"categories":[5],"tags":[22,23,26,27,17,21,24,25,28,29,15,16,18,34,31,33,32,30,19,20],"class_list":{"0":"post-125464","1":"post","2":"type-post","3":"status-publish","4":"format-standard","5":"has-post-thumbnail","7":"category-rubriker","8":"tag-breaking-news","9":"tag-breakingnews","10":"tag-featured-news","11":"tag-featurednews","12":"tag-headlines","13":"tag-huvudnyheter","14":"tag-latest-news","15":"tag-latestnews","16":"tag-main-news","17":"tag-mainnews","18":"tag-news","19":"tag-nyheter","20":"tag-rubriker","21":"tag-se","22":"tag-svenska","23":"tag-sverige","24":"tag-sweden","25":"tag-swedish","26":"tag-top-stories","27":"tag-topstories"},"share_on_mastodon":{"url":"https:\/\/pubeurope.com\/@se\/115837713926610496","error":""},"_links":{"self":[{"href":"https:\/\/www.europesays.com\/se\/wp-json\/wp\/v2\/posts\/125464","targetHints":{"allow":["GET"]}}],"collection":[{"href":"https:\/\/www.europesays.com\/se\/wp-json\/wp\/v2\/posts"}],"about":[{"href":"https:\/\/www.europesays.com\/se\/wp-json\/wp\/v2\/types\/post"}],"author":[{"embeddable":true,"href":"https:\/\/www.europesays.com\/se\/wp-json\/wp\/v2\/users\/2"}],"replies":[{"embeddable":true,"href":"https:\/\/www.europesays.com\/se\/wp-json\/wp\/v2\/comments?post=125464"}],"version-history":[{"count":0,"href":"https:\/\/www.europesays.com\/se\/wp-json\/wp\/v2\/posts\/125464\/revisions"}],"wp:featuredmedia":[{"embeddable":true,"href":"https:\/\/www.europesays.com\/se\/wp-json\/wp\/v2\/media\/125465"}],"wp:attachment":[{"href":"https:\/\/www.europesays.com\/se\/wp-json\/wp\/v2\/media?parent=125464"}],"wp:term":[{"taxonomy":"category","embeddable":true,"href":"https:\/\/www.europesays.com\/se\/wp-json\/wp\/v2\/categories?post=125464"},{"taxonomy":"post_tag","embeddable":true,"href":"https:\/\/www.europesays.com\/se\/wp-json\/wp\/v2\/tags?post=125464"}],"curies":[{"name":"wp","href":"https:\/\/api.w.org\/{rel}","templated":true}]}}