{"id":125466,"date":"2026-01-04T16:17:06","date_gmt":"2026-01-04T16:17:06","guid":{"rendered":"https:\/\/www.europesays.com\/se\/125466\/"},"modified":"2026-01-04T16:17:06","modified_gmt":"2026-01-04T16:17:06","slug":"pebble-lanserar-ytterligare-en-smartklocka","status":"publish","type":"post","link":"https:\/\/www.europesays.com\/se\/125466\/","title":{"rendered":"Pebble lanserar ytterligare en smartklocka"},"content":{"rendered":"<p class=\"kicker t20 font-Raleway\" style=\"\">Pebble Round 2 g\u00f6r comeback<\/p>\n<p>    Pebble presenterar en ny version av sin klassiska runda smartklocka. Pebble Round 2 f\u00e5r f\u00e4rgsk\u00e4rm med e\u2011papper och upp till tv\u00e5 veckors batteritid.<\/p>\n<p>Pebble\u00a0har presenterat sin nya smartklocka\u00a0<a href=\"https:\/\/repebble.com\/blog\/pebble-round-2-the-most-stylish-pebble-ever \" target=\"_blank\" rel=\"nofollow noopener\">Pebble\u00a0Round 2<\/a>, som \u00e4r en uppdaterad version av modellen som lanserades f\u00f6r tio \u00e5r sedan. Klockan visades upp inf\u00f6r teknikm\u00e4ssan CES och planeras att b\u00f6rja levereras under v\u00e5ren. Den nya modellen har en rund f\u00e4rgsk\u00e4rm i\u00a0e\u2011papper p\u00e5 1,3 tum som t\u00e4cker hela urtavlan\u00a0vilket \u00e4r\u00a0st\u00f6rre \u00e4n p\u00e5 originalet. Batteritiden uppges vara upp till tv\u00e5\u00a0veckor.\u00a0<\/p>\n<p>Pebble\u00a0Round 2 \u00e4r tillverkad i rostfritt st\u00e5l och kommer i flera f\u00e4rg- och storleksvarianter. Den k\u00f6r det \u00f6ppna operativsystemet\u00a0PebbleOS\u00a0och fungerar tillsammans med b\u00e5de\u00a0Ios- och Android-mobiler\u00a0via\u00a0Pebble-appen. Klockan har fysiska knappar, peksk\u00e4rm, bakgrundsbelysning och grundl\u00e4ggande h\u00e4lsofunktioner som stegr\u00e4kning och s\u00f6mnm\u00e4tning. Den \u00e4r inte t\u00e4nkt som en renodlad tr\u00e4ningsklocka utan fokuserar p\u00e5 enkel anv\u00e4ndning och l\u00e5ng batteritid. <\/p>\n<p>Pebble\u00a0Round 2 kan f\u00f6rbest\u00e4llas nu\u00a0med en planerad lansering i maj,\u00a0och priset ligger p\u00e5 199 dollar.\u00a0<\/p>\n","protected":false},"excerpt":{"rendered":"Pebble Round 2 g\u00f6r comeback Pebble presenterar en ny version av sin klassiska runda smartklocka. Pebble Round 2&hellip;\n","protected":false},"author":2,"featured_media":125467,"comment_status":"","ping_status":"","sticky":false,"template":"","format":"standard","meta":{"footnotes":""},"categories":[66],"tags":[80,78,79,34,31,33,32,30,81,84,83,82],"class_list":{"0":"post-125466","1":"post","2":"type-post","3":"status-publish","4":"format-standard","5":"has-post-thumbnail","7":"category-vetenskap-och-teknik","8":"tag-science","9":"tag-science-and-technology","10":"tag-scienceandtechnology","11":"tag-se","12":"tag-svenska","13":"tag-sverige","14":"tag-sweden","15":"tag-swedish","16":"tag-technology","17":"tag-teknik","18":"tag-vetenskap","19":"tag-vetenskapteknik"},"share_on_mastodon":{"url":"https:\/\/pubeurope.com\/@se\/115837733651237578","error":""},"_links":{"self":[{"href":"https:\/\/www.europesays.com\/se\/wp-json\/wp\/v2\/posts\/125466","targetHints":{"allow":["GET"]}}],"collection":[{"href":"https:\/\/www.europesays.com\/se\/wp-json\/wp\/v2\/posts"}],"about":[{"href":"https:\/\/www.europesays.com\/se\/wp-json\/wp\/v2\/types\/post"}],"author":[{"embeddable":true,"href":"https:\/\/www.europesays.com\/se\/wp-json\/wp\/v2\/users\/2"}],"replies":[{"embeddable":true,"href":"https:\/\/www.europesays.com\/se\/wp-json\/wp\/v2\/comments?post=125466"}],"version-history":[{"count":0,"href":"https:\/\/www.europesays.com\/se\/wp-json\/wp\/v2\/posts\/125466\/revisions"}],"wp:featuredmedia":[{"embeddable":true,"href":"https:\/\/www.europesays.com\/se\/wp-json\/wp\/v2\/media\/125467"}],"wp:attachment":[{"href":"https:\/\/www.europesays.com\/se\/wp-json\/wp\/v2\/media?parent=125466"}],"wp:term":[{"taxonomy":"category","embeddable":true,"href":"https:\/\/www.europesays.com\/se\/wp-json\/wp\/v2\/categories?post=125466"},{"taxonomy":"post_tag","embeddable":true,"href":"https:\/\/www.europesays.com\/se\/wp-json\/wp\/v2\/tags?post=125466"}],"curies":[{"name":"wp","href":"https:\/\/api.w.org\/{rel}","templated":true}]}}