{"id":125476,"date":"2026-01-04T16:24:07","date_gmt":"2026-01-04T16:24:07","guid":{"rendered":"https:\/\/www.europesays.com\/se\/125476\/"},"modified":"2026-01-04T16:24:07","modified_gmt":"2026-01-04T16:24:07","slug":"har-brister-det-for-andreas-johnson-i-tv4-efter-fruns-dod","status":"publish","type":"post","link":"https:\/\/www.europesays.com\/se\/125476\/","title":{"rendered":"H\u00e4r brister det f\u00f6r Andreas Johnson i TV4 \u2013 efter fruns d\u00f6d"},"content":{"rendered":"<p>Publicerad 4 jan 2026 kl 17.11Uppdaterad kl 17.22<\/p>\n<p>Andreas Johnson f\u00f6rlorade sin fru Lisa Knapp Johnson f\u00f6r tre m\u00e5nader sedan.<\/p>\n<p>N\u00e4r artistens hustru n\u00e4mns i <a href=\"https:\/\/www.tv4play.se\/klipp\/d74eedb01db49f437ff8\/video-musiken-ar-en-helande-kraft-varit-en-terapi?playlist=2yE9Sc0QB2bv4SkDfRdSzt\" rel=\"nofollow noopener\" target=\"_blank\">\u201dNyhetsmorgon\u201d<\/a> brister det f\u00f6r honom.<\/p>\n<p>\u2013 Hon hade varit arg om jag inte hade gjort det h\u00e4r, s\u00e4ger han om nya satsningen.<\/p>\n<p><img   alt=\"\"\/><\/p>\n<p>Andreas Johnson tittar ner innan han svarar i TV4.<\/p>\n<p>Foto: TV4<\/p>\n<p>\u00d6ppna bild i helsk\u00e4rm<img loading=\"lazy\"   alt=\"\"\/><\/p>\n<p>Andreas pustar som f\u00f6r att samla k\u00e4nslorna innan han svarar.<\/p>\n<p>Foto: TV4<\/p>\n<p>\u00d6ppna bild i helsk\u00e4rm<img loading=\"lazy\"   alt=\"\"\/><\/p>\n<p>Artisten skakar sedan p\u00e5 munnen och r\u00f6sten i \u201dNyhetsmorgon\u201d.<\/p>\n<p>Foto: TV4<\/p>\n<p>\u00d6ppna bild i helsk\u00e4rm<img loading=\"lazy\"   alt=\"\"\/><\/p>\n<p>Band-kollegan Mikael Nord Andersson klappar honom p\u00e5 ryggen f\u00f6r att visa st\u00f6d.<\/p>\n<p>Foto: TV4<\/p>\n<p>\u00d6ppna bild i helsk\u00e4rm<img loading=\"lazy\"   alt=\"\"\/><\/p>\n<p>Nu ska de ut p\u00e5 turn\u00e9 ihop med bandet Kr\u00e5ngs kapell.<\/p>\n<p>Foto: TV4<\/p>\n<p>\u00d6ppna bild i helsk\u00e4rm<img loading=\"lazy\"   alt=\"\"\/><\/p>\n<p>Andreas Johnson och Lisa Knapp Johnson.<\/p>\n<p>Foto: EERO HANNUKAINEN \/ IBL<\/p>\n<p>\u00d6ppna bild i helsk\u00e4rm<\/p>\n<p>I oktober i fjol f\u00f6rlorade <a href=\"https:\/\/www.expressen.se\/tagg\/person\/andreas-johnson\/\" class=\"\" rel=\"nofollow noopener\" target=\"_blank\">Andreas Johnson<\/a>, 55, sin fru Lisa Knapp Johnson.<\/p>\n<p>Hon blev 52 \u00e5r gammal.<\/p>\n<p>Knapp Johnson led av en underliggande bindv\u00e4vssjukdom och dog pl\u00f6tsligt av en brusten aorta till f\u00f6ljd av sjukdomen.<\/p>\n<p>\u201dLisa. I g\u00e5r kv\u00e4ll s\u00e5 l\u00e4mnade du oss. V\u00e5r \u00c4lskade mamma, fru och b\u00e4sta v\u00e4n\u201d, skrev Johnson d\u00e5 p\u00e5 Instagram.\u00a0<\/p>\n<p>P\u00e5 s\u00f6ndagen medverkade Andreas Johnson i \u201dNyhetsmorgon\u201d ihop med kollegan Mikael Nord Andersson f\u00f6r att prata om deras nya turn\u00e9 med bandet Kr\u00e5ngs kapell.\u00a0<\/p>\n<p>Starka k\u00e4nslorna<\/p>\n<p>N\u00e4r programledaren Jennie Alversj\u00f6 beklagade sorgen och fr\u00e5gade hur det var att g\u00e4sta programmet verkade artisten k\u00e4mpa med k\u00e4nslorna och svarade med darrande mun och r\u00f6st:<\/p>\n<p>\u2013 Hon hade varit arg om jag inte hade gjort det h\u00e4r, f\u00f6r det var verkligen i hennes anda fram\u00e5t, att sl\u00e4ppa in s\u00e5 mycket ljus det g\u00e5r. Och just att den h\u00e4r turn\u00e9n var runt h\u00f6rnet har ocks\u00e5 varit viktigt f\u00f6r mig att veta att&#8230;, sa han och sedan brast r\u00f6sten.<\/p>\n<p>Kollegan Mikael Nord Andersson grep d\u00e5 in och klappade Johnson p\u00e5 ryggen och sa:<\/p>\n<p>\u2013 Och vi har h\u00e5llit ihop, full back up f\u00f6r varann.<\/p>\n<p>Musiken viktig i sorgen<\/p>\n<p>Andreas Johnsson ber\u00e4ttar \u00e4ven att musiken har varit en en viktig del i sorgen efter frun.<\/p>\n<p>\u2013 Jag vet inte vad man skulle ha gjort annars, f\u00f6r mig har det varit en terapi utan dess like att f\u00e5 s\u00e4tta i g\u00e5ng med Kr\u00e5ngs kapell, s\u00e4ger han.<\/p>\n","protected":false},"excerpt":{"rendered":"Publicerad 4 jan 2026 kl 17.11Uppdaterad kl 17.22 Andreas Johnson f\u00f6rlorade sin fru Lisa Knapp Johnson f\u00f6r tre&hellip;\n","protected":false},"author":2,"featured_media":125477,"comment_status":"","ping_status":"","sticky":false,"template":"","format":"standard","meta":{"footnotes":""},"categories":[67],"tags":[104,1245,384,5081,34,31,33,32,30,402,105],"class_list":{"0":"post-125476","1":"post","2":"type-post","3":"status-publish","4":"format-standard","5":"has-post-thumbnail","7":"category-underhallning","8":"tag-entertainment","9":"tag-organization-nyhetsmorgon","10":"tag-organization-tv4","11":"tag-person-andreas-johnson","12":"tag-se","13":"tag-svenska","14":"tag-sverige","15":"tag-sweden","16":"tag-swedish","17":"tag-topic-artister","18":"tag-underhallning"},"share_on_mastodon":{"url":"https:\/\/pubeurope.com\/@se\/115837761161960299","error":""},"_links":{"self":[{"href":"https:\/\/www.europesays.com\/se\/wp-json\/wp\/v2\/posts\/125476","targetHints":{"allow":["GET"]}}],"collection":[{"href":"https:\/\/www.europesays.com\/se\/wp-json\/wp\/v2\/posts"}],"about":[{"href":"https:\/\/www.europesays.com\/se\/wp-json\/wp\/v2\/types\/post"}],"author":[{"embeddable":true,"href":"https:\/\/www.europesays.com\/se\/wp-json\/wp\/v2\/users\/2"}],"replies":[{"embeddable":true,"href":"https:\/\/www.europesays.com\/se\/wp-json\/wp\/v2\/comments?post=125476"}],"version-history":[{"count":0,"href":"https:\/\/www.europesays.com\/se\/wp-json\/wp\/v2\/posts\/125476\/revisions"}],"wp:featuredmedia":[{"embeddable":true,"href":"https:\/\/www.europesays.com\/se\/wp-json\/wp\/v2\/media\/125477"}],"wp:attachment":[{"href":"https:\/\/www.europesays.com\/se\/wp-json\/wp\/v2\/media?parent=125476"}],"wp:term":[{"taxonomy":"category","embeddable":true,"href":"https:\/\/www.europesays.com\/se\/wp-json\/wp\/v2\/categories?post=125476"},{"taxonomy":"post_tag","embeddable":true,"href":"https:\/\/www.europesays.com\/se\/wp-json\/wp\/v2\/tags?post=125476"}],"curies":[{"name":"wp","href":"https:\/\/api.w.org\/{rel}","templated":true}]}}