{"id":125479,"date":"2026-01-04T16:28:12","date_gmt":"2026-01-04T16:28:12","guid":{"rendered":"https:\/\/www.europesays.com\/se\/125479\/"},"modified":"2026-01-04T16:28:12","modified_gmt":"2026-01-04T16:28:12","slug":"man-korde-in-i-tradgard-slog-polis-i-ansiktet-expressen","status":"publish","type":"post","link":"https:\/\/www.europesays.com\/se\/125479\/","title":{"rendered":"Man k\u00f6rde in i tr\u00e4dg\u00e5rd \u2013 slog polis i ansiktet &#8211; Expressen"},"content":{"rendered":"<ol>\n<li><a href=\"https:\/\/news.google.com\/rss\/articles\/CBMilwFBVV95cUxPcEcwUUM0bngwdWUwTHU4RjVPdHJ0NG5KckI4NGhibnFTNU5BeUdzTE41Qkp5RTRIbi1LY09objkweVRLR3YzaFQ5N3l6ZVR5MV9ac0F2Vnl4ZVNhaF9zSUduem1CckFDdUk4dUVleFI4RUR1UVJ2dXdGYnlRblMtdXQzTndXV29TYU40b19kTFlTUzhwV1FN?oc=5\" target=\"_blank\" rel=\"nofollow noopener\">Man k\u00f6rde in i tr\u00e4dg\u00e5rd \u2013 slog polis i ansiktet<\/a>&nbsp;&nbsp;Expressen<\/li>\n<li><a href=\"https:\/\/news.google.com\/rss\/articles\/CBMikAFBVV95cUxQdENkRG5uWXhJbWhrR0dXUFE4UU1Ja2E3bFhxQl9KbWxVS1FKY2ZOSEtuaDRFN0RvVlp1eUd3bEtMQ25sNHBMQkFNQTFVeG1ieTBpMTU4YlJPWlYzckFQQkh0bEpiNmZGS2kydF95VzcxTVhxWHdjRkpBbFZKUVFCZENuN2k4b2Rha3k1NEIxNW8?oc=5\" target=\"_blank\" rel=\"nofollow noopener\">Bil k\u00f6rde in i tr\u00e4dg\u00e5rd i V\u00e4xj\u00f6 \u2013 f\u00f6raren till attack mot poliser<\/a>&nbsp;&nbsp;SVT Nyheter<\/li>\n<li><a href=\"https:\/\/news.google.com\/rss\/articles\/CBMiigFBVV95cUxQTnJYSWRvN3E2SVlYVFpYbkw2Z1lMNDg4eC1RN0pKa3FVRVl6eGpETmROMkRwSXVVQTdZMGFzQnBrZU1mU2FVd25KMWJmeTgtNnB0YzNZLWJnVGlWN1VqSDRrNG81SGtBY0JsRGlEM3BDa3l3QmdjM0FzQUdkR1FCa1BYOUVUcWJoS2c?oc=5\" target=\"_blank\" rel=\"nofollow noopener\">Man k\u00f6rde in i tr\u00e4dgr\u00e5d \u2013 slog polispatrull<\/a>&nbsp;&nbsp;Aftonbladet<\/li>\n<li><a href=\"https:\/\/news.google.com\/rss\/articles\/CBMimgFBVV95cUxOdExQSFlLcWZMSTdYSThNRE95Z1J0N19Zd09MN3lUdTJaWlFiSnlmSEFybm8yT2hYa0QxODRoblBCZDFzRTJGOU1YTWxkZi1jN0Y5azB3YWRGWFZHaG1Yd2JlZE8xY3E4cURhQ0Etb0F6NnUtTTNMdS1OQ244QndrOUtTZXplRnhkUHJyYTNxaHpLTFlFWVdBNlB3?oc=5\" target=\"_blank\" rel=\"nofollow noopener\">Man i 35-\u00e5rs\u00e5ldern smet fr\u00e5n bilolycka \u2013 skadade poliser n\u00e4r han greps<\/a>&nbsp;&nbsp;Sm\u00e5landsposten<\/li>\n<li><a href=\"https:\/\/news.google.com\/rss\/articles\/CBMikwFBVV95cUxOSXVMeWJydlBCWTE0SnNGNTJDakQwWWNvdEZIVVRrWGlVYmFrLXJlcmhaVWxKX2R5T0xVaEhDc3dFMlhFeXM4cWlGemI5c2lWZTZVZ3k1VlJpRTRIb2tQSWhheWR0clczVzM4bnluSEI4ajhpV3Q4cndlVkZGYVJ0VXdkWUdkLWFSdjlEY1F1UDhkd1k?oc=5\" target=\"_blank\" rel=\"nofollow noopener\">Polis larmades till trafikolycka \u2013 attackerades av f\u00f6raren<\/a>&nbsp;&nbsp;Sveriges Radio<\/li>\n<\/ol>\n","protected":false},"excerpt":{"rendered":"Man k\u00f6rde in i tr\u00e4dg\u00e5rd \u2013 slog polis i ansiktet&nbsp;&nbsp;Expressen Bil k\u00f6rde in i tr\u00e4dg\u00e5rd i V\u00e4xj\u00f6 \u2013&hellip;\n","protected":false},"author":2,"featured_media":39,"comment_status":"","ping_status":"","sticky":false,"template":"","format":"standard","meta":{"footnotes":""},"categories":[12],"tags":[22,23,26,27,17,21,24,25,28,29,15,16,18,34,31,33,32,30,19,20],"class_list":{"0":"post-125479","1":"post","2":"type-post","3":"status-publish","4":"format-standard","5":"has-post-thumbnail","7":"category-sverige","8":"tag-breaking-news","9":"tag-breakingnews","10":"tag-featured-news","11":"tag-featurednews","12":"tag-headlines","13":"tag-huvudnyheter","14":"tag-latest-news","15":"tag-latestnews","16":"tag-main-news","17":"tag-mainnews","18":"tag-news","19":"tag-nyheter","20":"tag-rubriker","21":"tag-se","22":"tag-svenska","23":"tag-sverige","24":"tag-sweden","25":"tag-swedish","26":"tag-top-stories","27":"tag-topstories"},"share_on_mastodon":{"url":"https:\/\/pubeurope.com\/@se\/115837776993092614","error":""},"_links":{"self":[{"href":"https:\/\/www.europesays.com\/se\/wp-json\/wp\/v2\/posts\/125479","targetHints":{"allow":["GET"]}}],"collection":[{"href":"https:\/\/www.europesays.com\/se\/wp-json\/wp\/v2\/posts"}],"about":[{"href":"https:\/\/www.europesays.com\/se\/wp-json\/wp\/v2\/types\/post"}],"author":[{"embeddable":true,"href":"https:\/\/www.europesays.com\/se\/wp-json\/wp\/v2\/users\/2"}],"replies":[{"embeddable":true,"href":"https:\/\/www.europesays.com\/se\/wp-json\/wp\/v2\/comments?post=125479"}],"version-history":[{"count":0,"href":"https:\/\/www.europesays.com\/se\/wp-json\/wp\/v2\/posts\/125479\/revisions"}],"wp:featuredmedia":[{"embeddable":true,"href":"https:\/\/www.europesays.com\/se\/wp-json\/wp\/v2\/media\/39"}],"wp:attachment":[{"href":"https:\/\/www.europesays.com\/se\/wp-json\/wp\/v2\/media?parent=125479"}],"wp:term":[{"taxonomy":"category","embeddable":true,"href":"https:\/\/www.europesays.com\/se\/wp-json\/wp\/v2\/categories?post=125479"},{"taxonomy":"post_tag","embeddable":true,"href":"https:\/\/www.europesays.com\/se\/wp-json\/wp\/v2\/tags?post=125479"}],"curies":[{"name":"wp","href":"https:\/\/api.w.org\/{rel}","templated":true}]}}