{"id":125480,"date":"2026-01-04T16:29:10","date_gmt":"2026-01-04T16:29:10","guid":{"rendered":"https:\/\/www.europesays.com\/se\/125480\/"},"modified":"2026-01-04T16:29:10","modified_gmt":"2026-01-04T16:29:10","slug":"markliga-bilder-pa-johanna-hagstrom-i-tour-de-ski","status":"publish","type":"post","link":"https:\/\/www.europesays.com\/se\/125480\/","title":{"rendered":"M\u00e4rkliga bilder p\u00e5 Johanna Hagstr\u00f6m i Tour de Ski"},"content":{"rendered":"<p>F\u00f6rklarar bilderna<\/p>\n<p class=\"boxtextgrotesk-root_baa6 hyperion-css-1w346fg\">Uppdaterad 17.03 | Publicerad 16.57<\/p>\n<p>share-arrowDela<\/p>\n<p>unsaveSpara<\/p>\n<p>Lyssna p\u00e5 artikelnLyssna p\u00e5&#8230;<\/p>\n<p class=\"hyperion-css-1shl3oz\" data-test-tag=\"lead-text\">VAL DI FIEMME. M\u00e4rkliga scener utspelade sig inf\u00f6r monsterbacken i Tour de Skis sista etapp.<\/p>\n<p class=\"hyperion-css-1shl3oz\" data-test-tag=\"lead-text\">Johanna Hagstr\u00f6m, 27, stannade pl\u00f6tsligt och tog n\u00e5gra djupa andetag.<\/p>\n<p class=\"hyperion-css-1shl3oz\" data-test-tag=\"lead-text\">\u2013 Jag k\u00e4nde att jag beh\u00f6vde ta en liten paus, f\u00f6rklarar hon skrattandes till Sportbladet.<\/p>\n<p><img decoding=\"async\" src=\"https:\/\/www.europesays.com\/se\/wp-content\/uploads\/2026\/01\/1f86db342631440178ca60c86fc98413.jpg\" class=\"thumbnail-image_fbfd thumbnail-portrait_fbfd\" alt=\"Hagstr\u00f6m stannade \u2013 mitt i backen: \u201dBeh\u00f6vde en paus\u201d\"\/><\/p>\n<p>Hagstr\u00f6m stannade \u2013 mitt i backen: \u201dBeh\u00f6vde en paus\u201d<\/p>\n<p>1:58<\/p>\n<p class=\"hyperion-css-1v9qo5x\">Det var inf\u00f6r den stora backen i Tour de Skis sista etapp som m\u00e4rkliga scener utspelade sig.<\/p>\n<p class=\"hyperion-css-1v9qo5x\">Johanna Hagstr\u00f6m stannade pl\u00f6tsligt vid backens b\u00f6rjan och tog n\u00e5gra djupa andetag.<\/p>\n<p class=\"hyperion-css-1v9qo5x\">Efter\u00e5t f\u00f6rklarar svenskan vad det handlade om.<\/p>\n<p class=\"hyperion-css-1v9qo5x\">\u2013 Jag k\u00e4nde att jag beh\u00f6vde ta en liten paus innan jag fortsatte upp f\u00f6r backen s\u00e5 att jag skulle klara den, s\u00e4ger hon och skrattar till Sportbladet.<\/p>\n<p>expand-left<\/p>\n<p>helsk\u00e4rm<img decoding=\"async\" class=\"image-asset hyperion-css-u06ts1\" data-test-tag=\"image-asset\" src=\"https:\/\/www.europesays.com\/se\/wp-content\/uploads\/2026\/01\/de9d7ee8-ab50-4e03-a324-a84b3c5e4d5c.jpeg\"  alt=\"Hagstr\u00f6m stannade upp f\u00f6r en paus.\"  loading=\"eager\" fetchpriority=\"high\" style=\"aspect-ratio:1577 \/ 672\"\/>Hagstr\u00f6m stannade upp f\u00f6r en paus. Foto: Viaplay\u201dFullt \u00f6s\u201d<\/p>\n<p class=\"hyperion-css-1v9qo5x\">Hon forts\u00e4tter:<\/p>\n<p class=\"hyperion-css-1v9qo5x\">\u2013 Jag f\u00f6rs\u00f6kte sprinta om n\u00e5gon d\u00e4r (i sprintdelen) men det var tufft. Oftast \u00e4r det som en transportstr\u00e4cka till backen, men nu var det fullt \u00f6s. D\u00e5 k\u00e4nde jag att det \u00e4r b\u00e4ttre att jag tar en liten paus nu s\u00e5 att jag kunde dra p\u00e5 lite mer i backen sen. Det var det som var m\u00e5let i dag.<\/p>\n<p class=\"hyperion-css-1v9qo5x\"><strong>K\u00e4nde du att du kunde dra p\u00e5 lite mer i backen sen?<\/strong><\/p>\n<p class=\"hyperion-css-1v9qo5x\">\u2013 Nja. Backen i sig var inte s\u00e5 jobbig, men n\u00e4r det k\u00e4ndes bra s\u00e5 \u00f6kade jag lite och d\u00e5 blev tungt och d\u00e5 tog jag det lite lugnare. Lite s\u00e5 var det.<\/p>\n<p class=\"hyperion-css-1v9qo5x\">Johanna Hagstr\u00f6m menar att det var en sk\u00f6n k\u00e4nsla att Tour de Ski nu \u00e4r \u00f6ver.<\/p>\n<p class=\"hyperion-css-1v9qo5x\">\u2013 J\u00e4ttesk\u00f6nt och h\u00e4rligt. Det var en kul tour och stabilt fr\u00e5n min sida. Bra \u00e4nd\u00e5, konstaterar hon.<\/p>\n<p class=\"hyperion-css-1v9qo5x\">Johanna Hagstr\u00f6m slutade 32:a i totalen i Tour de Ski.<\/p>\n<p>expand-left<\/p>\n<p>helsk\u00e4rm<img decoding=\"async\" class=\"image-asset hyperion-css-u06ts1\" data-test-tag=\"image-asset\" src=\"https:\/\/www.europesays.com\/se\/wp-content\/uploads\/2026\/01\/07fe2a86-007f-458e-ae8e-60d8dab8ce45.jpeg\"  alt=\"Johanna Hagstr\u00f6m.\"  loading=\"eager\" fetchpriority=\"high\" style=\"aspect-ratio:1900 \/ 1267\"\/>Johanna Hagstr\u00f6m. Foto: Pontus OrreFAKTAResultat Tour de Ski-totalen<\/p>\n<p class=\"hyperion-css-jonaf8\">1. Jessie Diggins<\/p>\n<p class=\"hyperion-css-jonaf8\">2. Teresa Stadlober (+2.17).<\/p>\n<p class=\"hyperion-css-jonaf8\">3. Heidi Weng (+2.31).<\/p>\n<p class=\"hyperion-css-jonaf8\">4. Ebba Andersson (+2.41).<\/p>\n<p class=\"hyperion-css-jonaf8\">8. Moa Ilar (+4.21).<\/p>\n<p class=\"hyperion-css-jonaf8\">11. Moa Lundgren (+4.59).<\/p>\n<p class=\"hyperion-css-jonaf8\">14. Maja Dahlqvist (+5.44).<\/p>\n<p class=\"hyperion-css-jonaf8\">30. Evelina Crusell (+8.42).<\/p>\n<p class=\"hyperion-css-jonaf8\">32. Johanna Hagstr\u00f6m (+9.51).<\/p>\n<p class=\"hyperion-css-jonaf8\">41. Lisa Eriksson (+13.57).<\/p>\n<p>L\u00e4s mer<\/p>\n","protected":false},"excerpt":{"rendered":"F\u00f6rklarar bilderna Uppdaterad 17.03 | Publicerad 16.57 share-arrowDela unsaveSpara Lyssna p\u00e5 artikelnLyssna p\u00e5&#8230; VAL DI FIEMME. M\u00e4rkliga scener&hellip;\n","protected":false},"author":2,"featured_media":125481,"comment_status":"","ping_status":"","sticky":false,"template":"","format":"standard","meta":{"footnotes":""},"categories":[5],"tags":[22,23,26,27,17,21,24,25,28,29,15,16,18,34,31,33,32,30,19,20],"class_list":{"0":"post-125480","1":"post","2":"type-post","3":"status-publish","4":"format-standard","5":"has-post-thumbnail","7":"category-rubriker","8":"tag-breaking-news","9":"tag-breakingnews","10":"tag-featured-news","11":"tag-featurednews","12":"tag-headlines","13":"tag-huvudnyheter","14":"tag-latest-news","15":"tag-latestnews","16":"tag-main-news","17":"tag-mainnews","18":"tag-news","19":"tag-nyheter","20":"tag-rubriker","21":"tag-se","22":"tag-svenska","23":"tag-sverige","24":"tag-sweden","25":"tag-swedish","26":"tag-top-stories","27":"tag-topstories"},"share_on_mastodon":{"url":"https:\/\/pubeurope.com\/@se\/115837780832777152","error":""},"_links":{"self":[{"href":"https:\/\/www.europesays.com\/se\/wp-json\/wp\/v2\/posts\/125480","targetHints":{"allow":["GET"]}}],"collection":[{"href":"https:\/\/www.europesays.com\/se\/wp-json\/wp\/v2\/posts"}],"about":[{"href":"https:\/\/www.europesays.com\/se\/wp-json\/wp\/v2\/types\/post"}],"author":[{"embeddable":true,"href":"https:\/\/www.europesays.com\/se\/wp-json\/wp\/v2\/users\/2"}],"replies":[{"embeddable":true,"href":"https:\/\/www.europesays.com\/se\/wp-json\/wp\/v2\/comments?post=125480"}],"version-history":[{"count":0,"href":"https:\/\/www.europesays.com\/se\/wp-json\/wp\/v2\/posts\/125480\/revisions"}],"wp:featuredmedia":[{"embeddable":true,"href":"https:\/\/www.europesays.com\/se\/wp-json\/wp\/v2\/media\/125481"}],"wp:attachment":[{"href":"https:\/\/www.europesays.com\/se\/wp-json\/wp\/v2\/media?parent=125480"}],"wp:term":[{"taxonomy":"category","embeddable":true,"href":"https:\/\/www.europesays.com\/se\/wp-json\/wp\/v2\/categories?post=125480"},{"taxonomy":"post_tag","embeddable":true,"href":"https:\/\/www.europesays.com\/se\/wp-json\/wp\/v2\/tags?post=125480"}],"curies":[{"name":"wp","href":"https:\/\/api.w.org\/{rel}","templated":true}]}}