{"id":125492,"date":"2026-01-04T16:37:09","date_gmt":"2026-01-04T16:37:09","guid":{"rendered":"https:\/\/www.europesays.com\/se\/125492\/"},"modified":"2026-01-04T16:37:09","modified_gmt":"2026-01-04T16:37:09","slug":"officiellt-wilhelm-loeper-lamnar-helsingborgs-if-superettan","status":"publish","type":"post","link":"https:\/\/www.europesays.com\/se\/125492\/","title":{"rendered":"Officiellt: Wilhelm Loeper l\u00e4mnar Helsingborgs IF &#8211; Superettan"},"content":{"rendered":"<p>Wilhelm Loeper har varit Helsingborg trogen sedan 2021. Under h\u00f6sten har dock den offensive pj\u00e4sens framtid varit os\u00e4ker.<\/p>\n<p>Nu st\u00e5r det klart att 27-\u00e5ringen l\u00e4mnar f\u00f6reningen. Helsingborg meddelar att Loeper kommer testa lyckan utomlands efter att hans kontrakt l\u00f6per ut.<\/p>\n<p>&#8211; Jag vill rikta ett stort tack till Helsingborgs IF f\u00f6r den tid jag f\u00e5tt tillbringa i klubben. Det k\u00e4nns oerh\u00f6rt vemodigt att beh\u00f6va s\u00e4ga farv\u00e4l. De senaste fem \u00e5ren har HIF kommit att betyda allt f\u00f6r mig, s\u00e4ger Loeper till klubbens hemsida och forts\u00e4tter: <\/p>\n<p>&#8211; N\u00e4r f\u00e5 andra lag i Sverige ville ge mig en chans, valde HIF att ta mig under sina vingar. H\u00e4r har jag f\u00e5tt m\u00f6jligheten att utvecklas b\u00e5de som spelare och m\u00e4nniska.<\/p>\n<p>HIF tackar sj\u00e4lva av spelaren:<\/p>\n<p>&#8221;Vi tackar Wilhelm f\u00f6r dessa fem \u00e5r i HIF och \u00f6nskar stort lycka till n\u00e4r han skriver n\u00e4sta kapitel i sin historia&#8221;, skriver f\u00f6reningen.<\/p>\n<p>Totalt noterades Loeper f\u00f6r 27 m\u00e5l och 20 assist p\u00e5 140 matcher i Helsingborg. Han har tidigare i karri\u00e4ren representerat AFC Eskilstuna samt Djurg\u00e5rden p\u00e5 ungdomsniv\u00e5. <\/p>\n","protected":false},"excerpt":{"rendered":"Wilhelm Loeper har varit Helsingborg trogen sedan 2021. Under h\u00f6sten har dock den offensive pj\u00e4sens framtid varit os\u00e4ker.&hellip;\n","protected":false},"author":2,"featured_media":125493,"comment_status":"","ping_status":"","sticky":false,"template":"","format":"standard","meta":{"footnotes":""},"categories":[5],"tags":[22,23,26,27,17,21,24,25,28,29,15,16,18,34,31,33,32,30,19,20],"class_list":{"0":"post-125492","1":"post","2":"type-post","3":"status-publish","4":"format-standard","5":"has-post-thumbnail","7":"category-rubriker","8":"tag-breaking-news","9":"tag-breakingnews","10":"tag-featured-news","11":"tag-featurednews","12":"tag-headlines","13":"tag-huvudnyheter","14":"tag-latest-news","15":"tag-latestnews","16":"tag-main-news","17":"tag-mainnews","18":"tag-news","19":"tag-nyheter","20":"tag-rubriker","21":"tag-se","22":"tag-svenska","23":"tag-sverige","24":"tag-sweden","25":"tag-swedish","26":"tag-top-stories","27":"tag-topstories"},"share_on_mastodon":{"url":"https:\/\/pubeurope.com\/@se\/115837812217294889","error":""},"_links":{"self":[{"href":"https:\/\/www.europesays.com\/se\/wp-json\/wp\/v2\/posts\/125492","targetHints":{"allow":["GET"]}}],"collection":[{"href":"https:\/\/www.europesays.com\/se\/wp-json\/wp\/v2\/posts"}],"about":[{"href":"https:\/\/www.europesays.com\/se\/wp-json\/wp\/v2\/types\/post"}],"author":[{"embeddable":true,"href":"https:\/\/www.europesays.com\/se\/wp-json\/wp\/v2\/users\/2"}],"replies":[{"embeddable":true,"href":"https:\/\/www.europesays.com\/se\/wp-json\/wp\/v2\/comments?post=125492"}],"version-history":[{"count":0,"href":"https:\/\/www.europesays.com\/se\/wp-json\/wp\/v2\/posts\/125492\/revisions"}],"wp:featuredmedia":[{"embeddable":true,"href":"https:\/\/www.europesays.com\/se\/wp-json\/wp\/v2\/media\/125493"}],"wp:attachment":[{"href":"https:\/\/www.europesays.com\/se\/wp-json\/wp\/v2\/media?parent=125492"}],"wp:term":[{"taxonomy":"category","embeddable":true,"href":"https:\/\/www.europesays.com\/se\/wp-json\/wp\/v2\/categories?post=125492"},{"taxonomy":"post_tag","embeddable":true,"href":"https:\/\/www.europesays.com\/se\/wp-json\/wp\/v2\/tags?post=125492"}],"curies":[{"name":"wp","href":"https:\/\/api.w.org\/{rel}","templated":true}]}}