{"id":125498,"date":"2026-01-04T16:48:10","date_gmt":"2026-01-04T16:48:10","guid":{"rendered":"https:\/\/www.europesays.com\/se\/125498\/"},"modified":"2026-01-04T16:48:10","modified_gmt":"2026-01-04T16:48:10","slug":"stor-polisinsats-pa-hotell-kan-vara-falskt-larm-vasterbottens-kuriren","status":"publish","type":"post","link":"https:\/\/www.europesays.com\/se\/125498\/","title":{"rendered":"Stor polisinsats p\u00e5 hotell kan vara falskt larm &#8211; V\u00e4sterbottens-Kuriren"},"content":{"rendered":"<ol>\n<li><a href=\"https:\/\/news.google.com\/rss\/articles\/CBMiigFBVV95cUxNTzJpSDV1ZGZqVnZqWjJJYm5Jd2NjS1I2dGVfbW9yRFFvbUNNdkpvQm9QYjN0UjBaVGtPZFh6YTVYaS1rRHR3U1U1LVNNQmJoYV9hbHJmT1BBNnlTWTlxTWpSdjR0akZsVUtiVFdUSnphbHFOMEpQVUhoLWNtcUdEd2Jpb21qeGpTYmc?oc=5\" target=\"_blank\" rel=\"nofollow noopener\">Stor polisinsats p\u00e5 hotell kan vara falskt larm<\/a>&nbsp;&nbsp;V\u00e4sterbottens-Kuriren<\/li>\n<li><a href=\"https:\/\/news.google.com\/rss\/articles\/CBMijAFBVV95cUxQeVdMRU54QWcyVm81b1ZUdUMta1BORUtucU8xc09kSnEtel9iMTBPcTBEVDdITmdqRWFWaGpjR2o1WE5BZ1RTMzlQUXQ0M2MyVWZoUE8xcmJNQzlaXzh5VTI4Unhha2xqUkUxc2pDVW5hUXppSzZnd1RmaGgwSmJ0MzI2b3RvcjVwdUtBUQ?oc=5\" target=\"_blank\" rel=\"nofollow noopener\">Misst\u00e4nkt grovt brott p\u00e5 Hotel Diplomat \u2013 kan vara falsklarm<\/a>&nbsp;&nbsp;Aftonbladet<\/li>\n<li><a href=\"https:\/\/news.google.com\/rss\/articles\/CBMihwFBVV95cUxNdXNFc1ZzTFZnOFZvWVh5SXJPRG1HaWljdlE4MnN1TUprMUxwdnFUNWh0OVJUMTRFdEFTRkdxZFA3dk1nSUdROFFOWnVsRXdFMVhCSFdRblFMREZZT0dNRndyVzdFMk1fX3E0dEYyREpEQ1ZOdXFLOXJNbl9kME5BRnVOOWNYRkE?oc=5\" target=\"_blank\" rel=\"nofollow noopener\">Stor insats vid hotell i Stockholm \u2013 troligt falsklarm<\/a>&nbsp;&nbsp;SVT Nyheter<\/li>\n<li><a href=\"https:\/\/news.google.com\/rss\/articles\/CBMilwFBVV95cUxOMlNKV01FV2Q3ZUdnZ21OaUx5MmJPeTZxOEZ2OTMzRWp4WnRnSk9EdUZVcWdKTF8zc3pGaDJjLTVERHBiNmdOTU1aUWF5ZngzSElJdmFLOHRvb19DTVA4M0lWelpjUjRPQUF2Z1BEVnR3NGY4aTZRZ2JWbDRwMm9TaHMxOHNfSWZLWGl0NUN5N21OZWdibERJ?oc=5\" target=\"_blank\" rel=\"nofollow noopener\">Utreder falsklarm efter insats p\u00e5 lyxhotell<\/a>&nbsp;&nbsp;Expressen<\/li>\n<li><a href=\"https:\/\/news.google.com\/rss\/articles\/CBMingFBVV95cUxQejJIUDJWaVdWWHlSMlprSm5TYmxVZFUtVXRpTXVyLV9WRlBHYU9uR21WdnVLWkpGbjczLVppZktCOERkUXlLNDU1aHg4UTg0Z3I0Z0pBZXdrX2I0TE5vbGI3aFU3WFRyZWE4UF9fTE43WHNQZ2w3NzA5ZlE5Z1hUYkE3S2s4QktYWkRvRF9ULXNnR2xua3g3VXRna1pNUQ?oc=5\" target=\"_blank\" rel=\"nofollow noopener\">Misst\u00e4nkt grovt brott p\u00e5 hotell i Stockholm utreds som falsklarm<\/a>&nbsp;&nbsp;Sveriges Radio<\/li>\n<\/ol>\n","protected":false},"excerpt":{"rendered":"Stor polisinsats p\u00e5 hotell kan vara falskt larm&nbsp;&nbsp;V\u00e4sterbottens-Kuriren Misst\u00e4nkt grovt brott p\u00e5 Hotel Diplomat \u2013 kan vara falsklarm&nbsp;&nbsp;Aftonbladet&hellip;\n","protected":false},"author":2,"featured_media":125381,"comment_status":"","ping_status":"","sticky":false,"template":"","format":"standard","meta":{"footnotes":""},"categories":[12],"tags":[22,23,26,27,17,21,24,25,28,29,15,16,18,34,31,33,32,30,19,20],"class_list":{"0":"post-125498","1":"post","2":"type-post","3":"status-publish","4":"format-standard","5":"has-post-thumbnail","7":"category-sverige","8":"tag-breaking-news","9":"tag-breakingnews","10":"tag-featured-news","11":"tag-featurednews","12":"tag-headlines","13":"tag-huvudnyheter","14":"tag-latest-news","15":"tag-latestnews","16":"tag-main-news","17":"tag-mainnews","18":"tag-news","19":"tag-nyheter","20":"tag-rubriker","21":"tag-se","22":"tag-svenska","23":"tag-sverige","24":"tag-sweden","25":"tag-swedish","26":"tag-top-stories","27":"tag-topstories"},"share_on_mastodon":{"url":"https:\/\/pubeurope.com\/@se\/115837855562565056","error":""},"_links":{"self":[{"href":"https:\/\/www.europesays.com\/se\/wp-json\/wp\/v2\/posts\/125498","targetHints":{"allow":["GET"]}}],"collection":[{"href":"https:\/\/www.europesays.com\/se\/wp-json\/wp\/v2\/posts"}],"about":[{"href":"https:\/\/www.europesays.com\/se\/wp-json\/wp\/v2\/types\/post"}],"author":[{"embeddable":true,"href":"https:\/\/www.europesays.com\/se\/wp-json\/wp\/v2\/users\/2"}],"replies":[{"embeddable":true,"href":"https:\/\/www.europesays.com\/se\/wp-json\/wp\/v2\/comments?post=125498"}],"version-history":[{"count":0,"href":"https:\/\/www.europesays.com\/se\/wp-json\/wp\/v2\/posts\/125498\/revisions"}],"wp:featuredmedia":[{"embeddable":true,"href":"https:\/\/www.europesays.com\/se\/wp-json\/wp\/v2\/media\/125381"}],"wp:attachment":[{"href":"https:\/\/www.europesays.com\/se\/wp-json\/wp\/v2\/media?parent=125498"}],"wp:term":[{"taxonomy":"category","embeddable":true,"href":"https:\/\/www.europesays.com\/se\/wp-json\/wp\/v2\/categories?post=125498"},{"taxonomy":"post_tag","embeddable":true,"href":"https:\/\/www.europesays.com\/se\/wp-json\/wp\/v2\/tags?post=125498"}],"curies":[{"name":"wp","href":"https:\/\/api.w.org\/{rel}","templated":true}]}}