{"id":125499,"date":"2026-01-04T16:49:08","date_gmt":"2026-01-04T16:49:08","guid":{"rendered":"https:\/\/www.europesays.com\/se\/125499\/"},"modified":"2026-01-04T16:49:08","modified_gmt":"2026-01-04T16:49:08","slug":"langdskidor-karoline-simpson-larsen-i-tarar-efter-uppmaningen-fran-sivert-guttorm-bakken","status":"publish","type":"post","link":"https:\/\/www.europesays.com\/se\/125499\/","title":{"rendered":"L\u00e4ngdskidor: Karoline Simpson-Larsen i t\u00e5rar \u2013 efter uppmaningen fr\u00e5n Sivert Guttorm Bakken"},"content":{"rendered":"<p>Karoline Simpson-Larsen plockade fram de sista krafterna under den avslutande etappen av Tour de Ski, och var f\u00f6rst \u00f6ver m\u00e5llinjen p\u00e5 Alpe Cermis. <\/p>\n<p>Och efter\u00e5t ber\u00e4ttade norskan att hon hade den nyligen avlidne skidskytten Sivert Guttorm Bakken i tankarna, och att hans ord strax innan han gick bort ekade i hennes huvud inf\u00f6r avslutningen. <\/p>\n<p>\u2013 Det \u00e4r konstigt, f\u00f6r det sista Sivert sa till mig dagen innan var att han trodde p\u00e5 mig och att han skulle ha varit h\u00e4r och tittat med Johan (Botn, som \u00e4r tillsammans med Simpson-Larsen), s\u00e4ger hon i Viaplays s\u00e4ndning och forts\u00e4tter: <\/p>\n<p>\u2013 De skulle egentligen ha varit h\u00e4r, s\u00e5 det h\u00e4r betyder mycket.<\/p>\n<p>Norskan ber\u00e4ttar att de var n\u00e4ra v\u00e4nner och har sv\u00e5rt att h\u00e5lla t\u00e5rarna tillbaka n\u00e4r hon pratar om Bakken. Till <a href=\"https:\/\/www.nrk.no\/sport\/tour-de-ski_-simpson-lasen-og-weng-best-i-_-simpson-larsen-har-de-fysiologiske-forutsetningene-for-1.17713374\" rel=\"nofollow noopener\" target=\"_blank\">NRK<\/a> ber\u00e4ttar hon att senaste tidens h\u00e4ndelser har gett henne inspiration. <\/p>\n<p>\u2013 Man vet ju att Sivert \u00e4r en person som inte hade gett upp, utan bara k\u00f6rt p\u00e5 s\u00e5 jag har f\u00f6rs\u00f6kt anv\u00e4nda det som motivation. <\/p>\n","protected":false},"excerpt":{"rendered":"Karoline Simpson-Larsen plockade fram de sista krafterna under den avslutande etappen av Tour de Ski, och var f\u00f6rst&hellip;\n","protected":false},"author":2,"featured_media":125500,"comment_status":"","ping_status":"","sticky":false,"template":"","format":"standard","meta":{"footnotes":""},"categories":[5],"tags":[22,23,26,27,17,21,24,25,28,29,15,16,18,34,31,33,32,30,19,20],"class_list":{"0":"post-125499","1":"post","2":"type-post","3":"status-publish","4":"format-standard","5":"has-post-thumbnail","7":"category-rubriker","8":"tag-breaking-news","9":"tag-breakingnews","10":"tag-featured-news","11":"tag-featurednews","12":"tag-headlines","13":"tag-huvudnyheter","14":"tag-latest-news","15":"tag-latestnews","16":"tag-main-news","17":"tag-mainnews","18":"tag-news","19":"tag-nyheter","20":"tag-rubriker","21":"tag-se","22":"tag-svenska","23":"tag-sverige","24":"tag-sweden","25":"tag-swedish","26":"tag-top-stories","27":"tag-topstories"},"share_on_mastodon":{"url":"https:\/\/pubeurope.com\/@se\/115837859476378654","error":""},"_links":{"self":[{"href":"https:\/\/www.europesays.com\/se\/wp-json\/wp\/v2\/posts\/125499","targetHints":{"allow":["GET"]}}],"collection":[{"href":"https:\/\/www.europesays.com\/se\/wp-json\/wp\/v2\/posts"}],"about":[{"href":"https:\/\/www.europesays.com\/se\/wp-json\/wp\/v2\/types\/post"}],"author":[{"embeddable":true,"href":"https:\/\/www.europesays.com\/se\/wp-json\/wp\/v2\/users\/2"}],"replies":[{"embeddable":true,"href":"https:\/\/www.europesays.com\/se\/wp-json\/wp\/v2\/comments?post=125499"}],"version-history":[{"count":0,"href":"https:\/\/www.europesays.com\/se\/wp-json\/wp\/v2\/posts\/125499\/revisions"}],"wp:featuredmedia":[{"embeddable":true,"href":"https:\/\/www.europesays.com\/se\/wp-json\/wp\/v2\/media\/125500"}],"wp:attachment":[{"href":"https:\/\/www.europesays.com\/se\/wp-json\/wp\/v2\/media?parent=125499"}],"wp:term":[{"taxonomy":"category","embeddable":true,"href":"https:\/\/www.europesays.com\/se\/wp-json\/wp\/v2\/categories?post=125499"},{"taxonomy":"post_tag","embeddable":true,"href":"https:\/\/www.europesays.com\/se\/wp-json\/wp\/v2\/tags?post=125499"}],"curies":[{"name":"wp","href":"https:\/\/api.w.org\/{rel}","templated":true}]}}