{"id":125505,"date":"2026-01-04T17:00:07","date_gmt":"2026-01-04T17:00:07","guid":{"rendered":"https:\/\/www.europesays.com\/se\/125505\/"},"modified":"2026-01-04T17:00:07","modified_gmt":"2026-01-04T17:00:07","slug":"stangs-av-efter-slagsmal-bada-ar-lika-drivande-vasterbottens-kuriren","status":"publish","type":"post","link":"https:\/\/www.europesays.com\/se\/125505\/","title":{"rendered":"St\u00e4ngs av efter slagsm\u00e5l: \u201dB\u00e5da \u00e4r lika drivande\u201d &#8211; V\u00e4sterbottens-Kuriren"},"content":{"rendered":"<ol>\n<li><a href=\"https:\/\/news.google.com\/rss\/articles\/CBMia0FVX3lxTE55S2FCY1N3RkMwNzUxVVlwMjNvTzI1b052elVkUzdZQXZkZFhYNE5kdXRLNExFejVFa1lOMWtfa3FiQWFxZGp6ZHFjcS1LNjlxMHNuS3lSb2FRODJHOUpCWlkwLU1CSmJ4cVAw?oc=5\" target=\"_blank\" rel=\"nofollow noopener\">St\u00e4ngs av efter slagsm\u00e5l: \u201dB\u00e5da \u00e4r lika drivande\u201d<\/a>&nbsp;&nbsp;V\u00e4sterbottens-Kuriren<\/li>\n<li><a href=\"https:\/\/news.google.com\/rss\/articles\/CBMiqAFBVV95cUxOQzBZOTNnamVZM0xKYjRhV3dYWmpsX1FJaWNjUFE1VEdPaHJMSG5MTV9LUU93RE9SVnZONXpIbE90MEZ3b29FeVZsYmFXbUhiLUsyNGhnWXBJeGNvaWNZa01xRENObUhwZGVyZko0bmR5eWJtMFJ2eWFvWktFZHl4cFNHNXUxb1dWRjdJdDd2TThEeXVhTzNPOEY1TVFKUjBPRUdqTWdDOFA?oc=5\" target=\"_blank\" rel=\"nofollow noopener\">Dubbla matchstraff efter slagsm\u00e5l i rivalm\u00f6tet<\/a>&nbsp;&nbsp;Aftonbladet<\/li>\n<li><a href=\"https:\/\/news.google.com\/rss\/articles\/CBMiWEFVX3lxTE8tQ3k1aHRmZk1GQVlickxxMHM0LVpTYnpZZTY5SFlDNjBGdzhTLUpZM2hKaFVTRlpjaGFQOGs2Qm5NQ3pEZXhwWnozcnk3a2lCMWc2b21PX3g?oc=5\" target=\"_blank\" rel=\"nofollow noopener\">Beslut fr\u00e5n Svenska Ishockeyf\u00f6rbundets Disciplinn\u00e4mnd \u2013 Andreas Johnson<\/a>&nbsp;&nbsp;SHL<\/li>\n<li><a href=\"https:\/\/news.google.com\/rss\/articles\/CBMiowFBVV95cUxOaDZUMlp2Y2FtSzV4RUh0YnJZTHVoOE5wMnlKaXd5NXN5U1ZjNjl4UG9fczliQTNUVmYxSHYxMmctRFJRTGVlX1hvZ3dkTnBWVmhjX0wybzN1S3djdDJIeVFBUnVzYmQ0WW5ZbU1KY1JYOW5lVUxneDhOVkRmRGgxSlZ2d0FMRW9oalNVVGRRcnBBN3NScEpIWUZISzZUazNxWjlz?oc=5\" target=\"_blank\" rel=\"nofollow noopener\">Efter hetsiga matchen \u2013 FBK-forwarden anm\u00e4ld till disciplinn\u00e4mnden<\/a>&nbsp;&nbsp;NWT<\/li>\n<li><a href=\"https:\/\/news.google.com\/rss\/articles\/CBMiogFBVV95cUxObzlHbU1ySFJENlluM2VhVzdqaDlsNFlGaFZjNDQ2OVJaeTJhWHdvUHZUX1plYmJWaV9jS1JodUlVYWRpb2dPT21LZGVMODdKY1pzVTNEdk9rekRFNHdQQ3VDSXlRcjRUVGtqa2sxeTQwQkdZRlVuam13M2cxcElDdGRCOHQxaDVFaTBsSndRcUZ2ZjFYOG5VNzdsNWROWUFvd3c?oc=5\" target=\"_blank\" rel=\"nofollow noopener\">Efter bortasegern \u2013 tv\u00e5 AIK-spelare anm\u00e4lda till disciplinn\u00e4mnden<\/a>&nbsp;&nbsp;Norran<\/li>\n<\/ol>\n","protected":false},"excerpt":{"rendered":"St\u00e4ngs av efter slagsm\u00e5l: \u201dB\u00e5da \u00e4r lika drivande\u201d&nbsp;&nbsp;V\u00e4sterbottens-Kuriren Dubbla matchstraff efter slagsm\u00e5l i rivalm\u00f6tet&nbsp;&nbsp;Aftonbladet Beslut fr\u00e5n Svenska Ishockeyf\u00f6rbundets&hellip;\n","protected":false},"author":2,"featured_media":125506,"comment_status":"","ping_status":"","sticky":false,"template":"","format":"standard","meta":{"footnotes":""},"categories":[68],"tags":[34,111,110,31,33,32,30],"class_list":{"0":"post-125505","1":"post","2":"type-post","3":"status-publish","4":"format-standard","5":"has-post-thumbnail","7":"category-sport","8":"tag-se","9":"tag-sport","10":"tag-sports","11":"tag-svenska","12":"tag-sverige","13":"tag-sweden","14":"tag-swedish"},"share_on_mastodon":{"url":"https:\/\/pubeurope.com\/@se\/115837902863866702","error":""},"_links":{"self":[{"href":"https:\/\/www.europesays.com\/se\/wp-json\/wp\/v2\/posts\/125505","targetHints":{"allow":["GET"]}}],"collection":[{"href":"https:\/\/www.europesays.com\/se\/wp-json\/wp\/v2\/posts"}],"about":[{"href":"https:\/\/www.europesays.com\/se\/wp-json\/wp\/v2\/types\/post"}],"author":[{"embeddable":true,"href":"https:\/\/www.europesays.com\/se\/wp-json\/wp\/v2\/users\/2"}],"replies":[{"embeddable":true,"href":"https:\/\/www.europesays.com\/se\/wp-json\/wp\/v2\/comments?post=125505"}],"version-history":[{"count":0,"href":"https:\/\/www.europesays.com\/se\/wp-json\/wp\/v2\/posts\/125505\/revisions"}],"wp:featuredmedia":[{"embeddable":true,"href":"https:\/\/www.europesays.com\/se\/wp-json\/wp\/v2\/media\/125506"}],"wp:attachment":[{"href":"https:\/\/www.europesays.com\/se\/wp-json\/wp\/v2\/media?parent=125505"}],"wp:term":[{"taxonomy":"category","embeddable":true,"href":"https:\/\/www.europesays.com\/se\/wp-json\/wp\/v2\/categories?post=125505"},{"taxonomy":"post_tag","embeddable":true,"href":"https:\/\/www.europesays.com\/se\/wp-json\/wp\/v2\/tags?post=125505"}],"curies":[{"name":"wp","href":"https:\/\/api.w.org\/{rel}","templated":true}]}}