{"id":125518,"date":"2026-01-04T17:16:23","date_gmt":"2026-01-04T17:16:23","guid":{"rendered":"https:\/\/www.europesays.com\/se\/125518\/"},"modified":"2026-01-04T17:16:23","modified_gmt":"2026-01-04T17:16:23","slug":"inget-os-for-backlund-eller-ekholm-frustrerande","status":"publish","type":"post","link":"https:\/\/www.europesays.com\/se\/125518\/","title":{"rendered":"Inget OS f\u00f6r Backlund eller Ekholm: \u201dFrustrerande&#8221;"},"content":{"rendered":"<p>Den svenska truppen till Vinter-OS 2026 i Milano Cortina inneh\u00f6ll inte Calgary Flames Mikael Backlund eller Edmonton Oilers Mattias Ekholm.<\/p>\n<p>Besvikelsen var naturligtvis stor hos de rutinerade svenskarna.<\/p>\n<p>\u2013 Jag visste redan innan jul. De ringde och sa att jag inte skulle komma med. Men att jag \u00e4r p\u00e5 reservlistan om det blir n\u00e5gon skada, sa Mikael Backlund, 36, till media under fredagen.<\/p>\n<p>\u2013 Jag \u00e4r besviken. Det var nog min sista chans. OS \u00e4r n\u00e5got som \u00e4r d\u00e4r uppe med Stanley Cup. S\u00e5 det \u00e4r klart jag \u00e4r besviken. Det \u00e4r inte s\u00e5 mycket jag kan g\u00f6ra \u00e5t det just nu, sa 35-\u00e5rige Ekholm.<\/p>\n<p>Varken Backlund eller Ekholm har spelat OS tidigare. Men v\u00e4l VM. Backlund har spelat sex VM-turneringar. Ekholm har spelat fem.<\/p>\n<p>Backlund, lagkapten i Flames sedan s\u00e4songen 2023-24, var assisterande kapten f\u00f6r Sverige i VM i v\u00e5ras \u2013 och har gjort en h\u00f6st med Flames som gjort honom aktuell f\u00f6r OS. P\u00e5 40 matcher har han st\u00e5tt f\u00f6r 25 po\u00e4ng (10+15).<\/p>\n<p>\u2013 Det k\u00e4nns som att jag spelat min b\u00e4sta hockey sedan jag blev kapten. Jag tycker att jag spelat bra den h\u00e4r h\u00f6sten. Jag har spelat mot de b\u00e4sta spelarna i v\u00e4rlden och visat att jag kan g\u00f6ra ett bra jobb. Men Sverige har m\u00e5nga bra spelare, det \u00e4r sv\u00e5rt att ta plats. Jag f\u00f6rv\u00e4ntade mig det aldrig. Det hade varit en dr\u00f6m att spela OS f\u00f6r Sverige, och jag hoppades p\u00e5 det, men f\u00f6rv\u00e4ntade mig inte det, s\u00e4ger Backlund<\/p>\n<p>\u2013 Det \u00e4r en besvikelse och frustrerande. Det k\u00e4nns som att jag spelat ganska bra den h\u00e4r s\u00e4songen.<\/p>\n<p>Oilers-backen Ekholm var med i 4 Nations Face-Off i februari 2025 och spelade i alla tre matcher d\u00e5. Han har varit med Edmonton till tv\u00e5 raka Stanley Cup-finaler och har st\u00e5tt f\u00f6r 17 po\u00e4ng (3+14) p\u00e5 41 matcher den h\u00e4r s\u00e4songen.<\/p>\n<p>\u2013 Jag tycker att jag gjort allt jag kunnat, speciellt den senaste m\u00e5naden. D\u00e5 tycker jag att jag visat att jag kan vara en effektiv spelare och f\u00f6rtj\u00e4nade att vara med i laget. Han (Sam Hallam) tyckte uppenbarligen inte det och det \u00e4r n\u00e5got jag f\u00e5r hantera och g\u00e5 vidare, s\u00e4ger Ekholm.<\/p>\n","protected":false},"excerpt":{"rendered":"Den svenska truppen till Vinter-OS 2026 i Milano Cortina inneh\u00f6ll inte Calgary Flames Mikael Backlund eller Edmonton Oilers&hellip;\n","protected":false},"author":2,"featured_media":125519,"comment_status":"","ping_status":"","sticky":false,"template":"","format":"standard","meta":{"footnotes":""},"categories":[68],"tags":[34,111,110,31,33,32,30],"class_list":{"0":"post-125518","1":"post","2":"type-post","3":"status-publish","4":"format-standard","5":"has-post-thumbnail","7":"category-sport","8":"tag-se","9":"tag-sport","10":"tag-sports","11":"tag-svenska","12":"tag-sverige","13":"tag-sweden","14":"tag-swedish"},"share_on_mastodon":{"url":"https:\/\/pubeurope.com\/@se\/115837965798855360","error":""},"_links":{"self":[{"href":"https:\/\/www.europesays.com\/se\/wp-json\/wp\/v2\/posts\/125518","targetHints":{"allow":["GET"]}}],"collection":[{"href":"https:\/\/www.europesays.com\/se\/wp-json\/wp\/v2\/posts"}],"about":[{"href":"https:\/\/www.europesays.com\/se\/wp-json\/wp\/v2\/types\/post"}],"author":[{"embeddable":true,"href":"https:\/\/www.europesays.com\/se\/wp-json\/wp\/v2\/users\/2"}],"replies":[{"embeddable":true,"href":"https:\/\/www.europesays.com\/se\/wp-json\/wp\/v2\/comments?post=125518"}],"version-history":[{"count":0,"href":"https:\/\/www.europesays.com\/se\/wp-json\/wp\/v2\/posts\/125518\/revisions"}],"wp:featuredmedia":[{"embeddable":true,"href":"https:\/\/www.europesays.com\/se\/wp-json\/wp\/v2\/media\/125519"}],"wp:attachment":[{"href":"https:\/\/www.europesays.com\/se\/wp-json\/wp\/v2\/media?parent=125518"}],"wp:term":[{"taxonomy":"category","embeddable":true,"href":"https:\/\/www.europesays.com\/se\/wp-json\/wp\/v2\/categories?post=125518"},{"taxonomy":"post_tag","embeddable":true,"href":"https:\/\/www.europesays.com\/se\/wp-json\/wp\/v2\/tags?post=125518"}],"curies":[{"name":"wp","href":"https:\/\/api.w.org\/{rel}","templated":true}]}}