{"id":125526,"date":"2026-01-04T17:22:11","date_gmt":"2026-01-04T17:22:11","guid":{"rendered":"https:\/\/www.europesays.com\/se\/125526\/"},"modified":"2026-01-04T17:22:11","modified_gmt":"2026-01-04T17:22:11","slug":"asplund-lamnar-mora-klar-for-almtuna-hockeyallsvenskan","status":"publish","type":"post","link":"https:\/\/www.europesays.com\/se\/125526\/","title":{"rendered":"Asplund l\u00e4mnar Mora \u2013 klar f\u00f6r Almtuna | Hockeyallsvenskan"},"content":{"rendered":"<p>Publicerad 4 jan 2026 kl 13.56Uppdaterad kl 16.19<\/p>\n<p>Oskar Asplund l\u00e4mnar Mora.<\/p>\n<p>Det stod klart idag.<\/p>\n<p>Nu blir det spel i Almtuna, erfar Expressen.\u00a0<\/p>\n<p><img   alt=\"\"\/><\/p>\n<p>Oskar Asplund l\u00e4mnar Mora.<\/p>\n<p>Foto: JENS CARLSSON \/ BILDBYR\u00c5N<\/p>\n<p>\u00d6ppna bild i helsk\u00e4rm<\/p>\n<p>Det var bara n\u00e5gra s\u00e4songer sedan Oskar Asplund sp\u00e5ddes en fin framtid. Han skrev p\u00e5 f\u00f6r d\u00e5varande SHL-klubben Oskarshamn, och l\u00e5nades \u00e4ven in hos Skellefte\u00e5 under tv\u00e5 matcher under sin succ\u00e9 i Almtuna.<\/p>\n<p>Men utvecklingen har inte g\u00e5tt som man t\u00e4nkt sig.<\/p>\n<p>Idag stod det klart att Asplund f\u00e5r l\u00e4mna <a href=\"https:\/\/www.expressen.se\/tagg\/organization\/mora-ik\/\" class=\"\" rel=\"nofollow noopener\" target=\"_blank\">Mora IK<\/a>, som han spelat f\u00f6r under de senaste tv\u00e5 s\u00e4songerna.<\/p>\n<p>Nu kan Expressen avsl\u00f6ja att hans nya klubbadress blir Almtuna. Klubben som han fostrats i, och som han spelat sin b\u00e4sta ishockey hos i karri\u00e4r.<\/p>\n<p>\u00d6verg\u00e5ngen v\u00e4ntas bli officiell inom kort.<\/p>\n","protected":false},"excerpt":{"rendered":"Publicerad 4 jan 2026 kl 13.56Uppdaterad kl 16.19 Oskar Asplund l\u00e4mnar Mora. Det stod klart idag. Nu blir&hellip;\n","protected":false},"author":2,"featured_media":125527,"comment_status":"","ping_status":"","sticky":false,"template":"","format":"standard","meta":{"footnotes":""},"categories":[5],"tags":[22,23,26,27,17,21,24,25,28,29,15,16,1895,18,34,130,255,31,33,32,30,19,20],"class_list":{"0":"post-125526","1":"post","2":"type-post","3":"status-publish","4":"format-standard","5":"has-post-thumbnail","7":"category-rubriker","8":"tag-breaking-news","9":"tag-breakingnews","10":"tag-featured-news","11":"tag-featurednews","12":"tag-headlines","13":"tag-huvudnyheter","14":"tag-latest-news","15":"tag-latestnews","16":"tag-main-news","17":"tag-mainnews","18":"tag-news","19":"tag-nyheter","20":"tag-organization-mora-ik","21":"tag-rubriker","22":"tag-se","23":"tag-sections-allsvenskan","24":"tag-sections-ishockey","25":"tag-svenska","26":"tag-sverige","27":"tag-sweden","28":"tag-swedish","29":"tag-top-stories","30":"tag-topstories"},"share_on_mastodon":{"url":"https:\/\/pubeurope.com\/@se\/115837989197704096","error":""},"_links":{"self":[{"href":"https:\/\/www.europesays.com\/se\/wp-json\/wp\/v2\/posts\/125526","targetHints":{"allow":["GET"]}}],"collection":[{"href":"https:\/\/www.europesays.com\/se\/wp-json\/wp\/v2\/posts"}],"about":[{"href":"https:\/\/www.europesays.com\/se\/wp-json\/wp\/v2\/types\/post"}],"author":[{"embeddable":true,"href":"https:\/\/www.europesays.com\/se\/wp-json\/wp\/v2\/users\/2"}],"replies":[{"embeddable":true,"href":"https:\/\/www.europesays.com\/se\/wp-json\/wp\/v2\/comments?post=125526"}],"version-history":[{"count":0,"href":"https:\/\/www.europesays.com\/se\/wp-json\/wp\/v2\/posts\/125526\/revisions"}],"wp:featuredmedia":[{"embeddable":true,"href":"https:\/\/www.europesays.com\/se\/wp-json\/wp\/v2\/media\/125527"}],"wp:attachment":[{"href":"https:\/\/www.europesays.com\/se\/wp-json\/wp\/v2\/media?parent=125526"}],"wp:term":[{"taxonomy":"category","embeddable":true,"href":"https:\/\/www.europesays.com\/se\/wp-json\/wp\/v2\/categories?post=125526"},{"taxonomy":"post_tag","embeddable":true,"href":"https:\/\/www.europesays.com\/se\/wp-json\/wp\/v2\/tags?post=125526"}],"curies":[{"name":"wp","href":"https:\/\/api.w.org\/{rel}","templated":true}]}}